{"id":112355,"date":"2023-07-01T17:41:19","date_gmt":"2023-07-01T22:41:19","guid":{"rendered":"https:\/\/nvnoticias.mx\/?p=112355"},"modified":"2023-07-01T17:41:20","modified_gmt":"2023-07-01T22:41:20","slug":"hoteles-de-la-zona-conurbada-reportan-un-100-por-ciento-de-ocupacion-este-sabado","status":"publish","type":"post","link":"https:\/\/nvnoticias.mx\/index.php\/2023\/07\/01\/hoteles-de-la-zona-conurbada-reportan-un-100-por-ciento-de-ocupacion-este-sabado\/","title":{"rendered":"Hoteles de la zona conurbada reportan un 100 por ciento de ocupaci\u00f3n este s\u00e1bado"},"content":{"rendered":"\n<p><strong>Jes\u00fas Utrilla \/ NV Noticias<\/strong><\/p>\n\n\n\n<p>Hoteles de la zona conurbada reportan un 100 por ciento de ocupaci\u00f3n este s\u00e1bado y ma\u00f1ana domingo por el inicio de los paseos del Carnaval de Veracruz 2023.<\/p>\n\n\n\n<p>C\u00e9sar Alfonso Mu\u00f1iz Cuervo, presidente de la Asociaci\u00f3n de Hoteles y Moteles de Veracruz, asever\u00f3 que lunes y martes habr\u00e1 menos turismo, sin embargo, a\u00fan habr\u00e1 buena ocupaci\u00f3n en hoteles.<\/p>\n\n\n\n<p>El carnaval de Veracruz 2023 lleg\u00f3 con gran entusiasmo y una afluencia masiva de turistas a la zona conurbada.<\/p>\n\n\n\n<p>Los hoteles y moteles de la regi\u00f3n est\u00e1n experimentando un repunte en la ocupaci\u00f3n y se espera que ma\u00f1ana domingo tambi\u00e9n alcancen la m\u00e1xima capacidad.<\/p>\n\n\n\n<p>Esta festividad es un evento destacado en el calendario de la ciudad, atrayendo a visitantes de todas partes para disfrutar de la m\u00fasica, el colorido y la alegr\u00eda caracter\u00edsticos de esta tradicional celebraci\u00f3n.<\/p>\n\n\n\n<p>Se prev\u00e9 que el lunes y martes se reduzca un poco la afluencia tur\u00edstica. Sin embargo, esto no significa que los hoteles sufrir\u00e1n una dr\u00e1stica disminuci\u00f3n en su ocupaci\u00f3n, ya que a\u00fan se espera que haya una buena cantidad de visitantes disfrutando de la ciudad y sus encantos.<\/p>\n\n\n\n<p>El Carnaval de Veracruz es un evento de renombre internacional, con una larga tradici\u00f3n que ha sabido mantenerse a lo largo de los a\u00f1os.<\/p>\n\n\n\n<p>Los desfiles, las comparsas, las danzas y la energ\u00eda contagiosa de la gente hacen de esta celebraci\u00f3n una experiencia inolvidable para todos los que tienen la oportunidad de participar en ella.<\/p>\n\n\n\n<p>El Carnaval de Veracruz 2023 promete seguir ofreciendo momentos de diversi\u00f3n y esparcimiento. La alegr\u00eda y la cultura se mezclan en esta festividad, convirti\u00e9ndola en una ocasi\u00f3n inigualable para sumergirse en la riqueza de la tradici\u00f3n veracruzana.<\/p>\n","protected":false},"excerpt":{"rendered":"<p>Jes\u00fas Utrilla \/ NV Noticias Hoteles de la zona conurbada reportan un 100 por ciento de ocupaci\u00f3n este s\u00e1bado y ma\u00f1ana domingo por el inicio de los paseos del Carnaval de Veracruz 2023. C\u00e9sar Alfonso Mu\u00f1iz Cuervo, presidente de la Asociaci\u00f3n de Hoteles y Moteles de Veracruz, asever\u00f3 que lunes y martes habr\u00e1 menos turismo, [&hellip;]<\/p>\n","protected":false},"author":8,"featured_media":10581,"comment_status":"open","ping_status":"open","sticky":false,"template":"","format":"standard","meta":{"_monsterinsights_skip_tracking":false,"_monsterinsights_sitenote_active":false,"_monsterinsights_sitenote_note":"","_monsterinsights_sitenote_category":0,"footnotes":""},"categories":[154],"tags":[742,2509,180],"class_list":["post-112355","post","type-post","status-publish","format-standard","has-post-thumbnail","hentry","category-veracruz","tag-hoteles","tag-ocupacion","tag-veracruz","wp-image-borders"],"amp_enabled":true,"_links":{"self":[{"href":"https:\/\/nvnoticias.mx\/index.php\/wp-json\/wp\/v2\/posts\/112355","targetHints":{"allow":["GET"]}}],"collection":[{"href":"https:\/\/nvnoticias.mx\/index.php\/wp-json\/wp\/v2\/posts"}],"about":[{"href":"https:\/\/nvnoticias.mx\/index.php\/wp-json\/wp\/v2\/types\/post"}],"author":[{"embeddable":true,"href":"https:\/\/nvnoticias.mx\/index.php\/wp-json\/wp\/v2\/users\/8"}],"replies":[{"embeddable":true,"href":"https:\/\/nvnoticias.mx\/index.php\/wp-json\/wp\/v2\/comments?post=112355"}],"version-history":[{"count":1,"href":"https:\/\/nvnoticias.mx\/index.php\/wp-json\/wp\/v2\/posts\/112355\/revisions"}],"predecessor-version":[{"id":112356,"href":"https:\/\/nvnoticias.mx\/index.php\/wp-json\/wp\/v2\/posts\/112355\/revisions\/112356"}],"wp:featuredmedia":[{"embeddable":true,"href":"https:\/\/nvnoticias.mx\/index.php\/wp-json\/wp\/v2\/media\/10581"}],"wp:attachment":[{"href":"https:\/\/nvnoticias.mx\/index.php\/wp-json\/wp\/v2\/media?parent=112355"}],"wp:term":[{"taxonomy":"category","embeddable":true,"href":"https:\/\/nvnoticias.mx\/index.php\/wp-json\/wp\/v2\/categories?post=112355"},{"taxonomy":"post_tag","embeddable":true,"href":"https:\/\/nvnoticias.mx\/index.php\/wp-json\/wp\/v2\/tags?post=112355"}],"curies":[{"name":"wp","href":"https:\/\/api.w.org\/{rel}","templated":true}]}}