{"id":112316,"date":"2023-07-01T14:34:34","date_gmt":"2023-07-01T19:34:34","guid":{"rendered":"https:\/\/nvnoticias.mx\/?p=112316"},"modified":"2023-07-01T14:34:34","modified_gmt":"2023-07-01T19:34:34","slug":"aumento-la-violencia-domestica-en-todo-el-mundo","status":"publish","type":"post","link":"https:\/\/nvnoticias.mx\/index.php\/2023\/07\/01\/aumento-la-violencia-domestica-en-todo-el-mundo\/","title":{"rendered":"Aument\u00f3 la violencia dom\u00e9stica en todo el mundo"},"content":{"rendered":"\n<p><strong>Jes\u00fas Utrilla \/ NV Noticias<\/strong><\/p>\n\n\n\n<p>El pastor evangelista Jos\u00e9 Urdaneta advirti\u00f3 sobre el creciente aumento de la violencia dom\u00e9stica, los casos de suicidio y los divorcios en los \u00faltimos a\u00f1os. Destac\u00f3 la importancia de buscar una conexi\u00f3n con lo espiritual para superar estos problemas, subrayando que la familia juega un papel fundamental en la mejora de la calidad de vida.<\/p>\n\n\n\n<blockquote class=\"wp-block-quote is-layout-flow wp-block-quote-is-layout-flow\"><p>&#8220;<em>La pandemia ha tra\u00eddo consigo depresi\u00f3n y aislamiento. Las personas se han encerrado y mi labor consiste en ayudarles a descubrir el potencial que llevan dentro, para que se conviertan en personas influyentes en la comunidad<\/em>&#8220;, afirm\u00f3 el pastor Urdaneta.<\/p><\/blockquote>\n\n\n\n<p>Insisti\u00f3 en que es fundamental que las personas se acerquen a Dios para que la violencia disminuya en el mundo.&nbsp;<\/p>\n\n\n\n<blockquote class=\"wp-block-quote is-layout-flow wp-block-quote-is-layout-flow\"><p>&#8220;<em>Es una bendici\u00f3n divina, ya que cuando aprendemos a dar, las puertas comienzan a abrirse. Ese es mi consejo para todos: el acto de dar es crucial. Dios desea que saquemos el potencial que llevamos dentro, y cuando pasamos por procesos dif\u00edciles, es porque \u00c9l quiere que demos a\u00fan m\u00e1s<\/em>&#8220;<\/p><\/blockquote>\n\n\n\n<p>En pa\u00edses como Estados Unidos tambi\u00e9n se trabaja en acercar a la persona a la espiritualidad y que la violencia dom\u00e9stica y en todas sus expresiones aument\u00f3 con la pandemia.\u00a0<\/p>\n","protected":false},"excerpt":{"rendered":"<p>Jes\u00fas Utrilla \/ NV Noticias El pastor evangelista Jos\u00e9 Urdaneta advirti\u00f3 sobre el creciente aumento de la violencia dom\u00e9stica, los casos de suicidio y los divorcios en los \u00faltimos a\u00f1os. Destac\u00f3 la importancia de buscar una conexi\u00f3n con lo espiritual para superar estos problemas, subrayando que la familia juega un papel fundamental en la mejora [&hellip;]<\/p>\n","protected":false},"author":8,"featured_media":112317,"comment_status":"open","ping_status":"open","sticky":false,"template":"","format":"standard","meta":{"_monsterinsights_skip_tracking":false,"_monsterinsights_sitenote_active":false,"_monsterinsights_sitenote_note":"","_monsterinsights_sitenote_category":0,"footnotes":""},"categories":[154],"tags":[2386],"class_list":["post-112316","post","type-post","status-publish","format-standard","has-post-thumbnail","hentry","category-veracruz","tag-violencia-domestica","wp-image-borders"],"amp_enabled":true,"_links":{"self":[{"href":"https:\/\/nvnoticias.mx\/index.php\/wp-json\/wp\/v2\/posts\/112316","targetHints":{"allow":["GET"]}}],"collection":[{"href":"https:\/\/nvnoticias.mx\/index.php\/wp-json\/wp\/v2\/posts"}],"about":[{"href":"https:\/\/nvnoticias.mx\/index.php\/wp-json\/wp\/v2\/types\/post"}],"author":[{"embeddable":true,"href":"https:\/\/nvnoticias.mx\/index.php\/wp-json\/wp\/v2\/users\/8"}],"replies":[{"embeddable":true,"href":"https:\/\/nvnoticias.mx\/index.php\/wp-json\/wp\/v2\/comments?post=112316"}],"version-history":[{"count":1,"href":"https:\/\/nvnoticias.mx\/index.php\/wp-json\/wp\/v2\/posts\/112316\/revisions"}],"predecessor-version":[{"id":112318,"href":"https:\/\/nvnoticias.mx\/index.php\/wp-json\/wp\/v2\/posts\/112316\/revisions\/112318"}],"wp:featuredmedia":[{"embeddable":true,"href":"https:\/\/nvnoticias.mx\/index.php\/wp-json\/wp\/v2\/media\/112317"}],"wp:attachment":[{"href":"https:\/\/nvnoticias.mx\/index.php\/wp-json\/wp\/v2\/media?parent=112316"}],"wp:term":[{"taxonomy":"category","embeddable":true,"href":"https:\/\/nvnoticias.mx\/index.php\/wp-json\/wp\/v2\/categories?post=112316"},{"taxonomy":"post_tag","embeddable":true,"href":"https:\/\/nvnoticias.mx\/index.php\/wp-json\/wp\/v2\/tags?post=112316"}],"curies":[{"name":"wp","href":"https:\/\/api.w.org\/{rel}","templated":true}]}}