{"id":112285,"date":"2023-06-30T16:02:16","date_gmt":"2023-06-30T21:02:16","guid":{"rendered":"https:\/\/nvnoticias.mx\/?p=112285"},"modified":"2023-06-30T16:02:17","modified_gmt":"2023-06-30T21:02:17","slug":"precios-de-los-alimentos-se-mantienen-altos-pero-la-tendencia-es-a-la-baja","status":"publish","type":"post","link":"https:\/\/nvnoticias.mx\/index.php\/2023\/06\/30\/precios-de-los-alimentos-se-mantienen-altos-pero-la-tendencia-es-a-la-baja\/","title":{"rendered":"Precios de los alimentos se mantienen altos, pero la tendencia es a la baja"},"content":{"rendered":"\n<p><strong>Jes\u00fas Utrilla \/ NV Noticias<\/strong><\/p>\n\n\n\n<p>Los precios de los alimentos se mantienen altos, pero el \u00faltimo indicador del \u00cdndice Nacional de Precios al Consumidor se\u00f1ala que la tendencia es a la baja. Ram\u00f3n Ortega D\u00edaz, presidente del Colegio de Contadores P\u00fablicos de Veracruz, aclar\u00f3 que, aunque algunos precios variaron en la canasta b\u00e1sica la inflaci\u00f3n es alta. <\/p>\n\n\n\n<p>La reducci\u00f3n que se espera es de 5 por ciento para las siguientes semanas y probablemente a finales de a\u00f1o la tasa de inter\u00e9s que fija el Banco de M\u00e9xico podr\u00eda reducir derivado de los impactos estacionarios.<\/p>\n\n\n\n<blockquote class=\"wp-block-quote is-layout-flow wp-block-quote-is-layout-flow\"><p>\u201c<em>Podr\u00eda haber un cambio en el \u00cdndice Nacional de Precios al Consumidor, podr\u00eda haber otro incremento al salario m\u00ednimo que ser\u00eda de 20 por ciento. Se habla de que los salarios m\u00ednimos profesionales tendr\u00edan otro ajuste aparte de reformas que promueven de las jornadas laborales para que sean m\u00e1s reducidas con cinco d\u00edas de trabajo por dos de vacacione<\/em>s\u201d.<\/p><\/blockquote>\n\n\n\n<p>A su parecer, aunque la inflaci\u00f3n reducir\u00e1 las reformas en materia laboral impactar\u00e1n en las empresas para 2024. Es decir, la inflaci\u00f3n durante el segundo semestre del a\u00f1o bajar\u00e1 5 por ciento pero a finales de a\u00f1o podr\u00edan darse nuevas repercusiones.<\/p>\n\n\n\n<blockquote class=\"wp-block-quote is-layout-flow wp-block-quote-is-layout-flow\"><p>\u201c<em>Es una parte preocupante porque los precios internacionales del barril han ido a la baja. Por la expectativa de los recortes que se podr\u00edan dar a nivel internacional podr\u00eda revertirse y generar un alza en los precios de combustible y otra vez el gobierno tendr\u00eda que dar est\u00edmulos fiscales para no generar inflaci\u00f3n<\/em>\u201d.<\/p><\/blockquote>\n\n\n\n<p>Record\u00f3 que al momento la gasolina mantiene sus precios por los est\u00edmulos del gobierno y de no hacerlo generar\u00eda m\u00e1s inflaci\u00f3n, por lo tanto, la variante para el segundo semestre del a\u00f1o es con las situaciones geopol\u00edticas a nivel internacional con los precios.<\/p>\n","protected":false},"excerpt":{"rendered":"<p>Jes\u00fas Utrilla \/ NV Noticias Los precios de los alimentos se mantienen altos, pero el \u00faltimo indicador del \u00cdndice Nacional de Precios al Consumidor se\u00f1ala que la tendencia es a la baja. Ram\u00f3n Ortega D\u00edaz, presidente del Colegio de Contadores P\u00fablicos de Veracruz, aclar\u00f3 que, aunque algunos precios variaron en la canasta b\u00e1sica la inflaci\u00f3n [&hellip;]<\/p>\n","protected":false},"author":8,"featured_media":102145,"comment_status":"open","ping_status":"open","sticky":false,"template":"","format":"standard","meta":{"_monsterinsights_skip_tracking":false,"_monsterinsights_sitenote_active":false,"_monsterinsights_sitenote_note":"","_monsterinsights_sitenote_category":0,"footnotes":""},"categories":[154],"tags":[221,1801],"class_list":["post-112285","post","type-post","status-publish","format-standard","has-post-thumbnail","hentry","category-veracruz","tag-alimentos","tag-precios","wp-image-borders"],"amp_enabled":true,"_links":{"self":[{"href":"https:\/\/nvnoticias.mx\/index.php\/wp-json\/wp\/v2\/posts\/112285","targetHints":{"allow":["GET"]}}],"collection":[{"href":"https:\/\/nvnoticias.mx\/index.php\/wp-json\/wp\/v2\/posts"}],"about":[{"href":"https:\/\/nvnoticias.mx\/index.php\/wp-json\/wp\/v2\/types\/post"}],"author":[{"embeddable":true,"href":"https:\/\/nvnoticias.mx\/index.php\/wp-json\/wp\/v2\/users\/8"}],"replies":[{"embeddable":true,"href":"https:\/\/nvnoticias.mx\/index.php\/wp-json\/wp\/v2\/comments?post=112285"}],"version-history":[{"count":1,"href":"https:\/\/nvnoticias.mx\/index.php\/wp-json\/wp\/v2\/posts\/112285\/revisions"}],"predecessor-version":[{"id":112286,"href":"https:\/\/nvnoticias.mx\/index.php\/wp-json\/wp\/v2\/posts\/112285\/revisions\/112286"}],"wp:featuredmedia":[{"embeddable":true,"href":"https:\/\/nvnoticias.mx\/index.php\/wp-json\/wp\/v2\/media\/102145"}],"wp:attachment":[{"href":"https:\/\/nvnoticias.mx\/index.php\/wp-json\/wp\/v2\/media?parent=112285"}],"wp:term":[{"taxonomy":"category","embeddable":true,"href":"https:\/\/nvnoticias.mx\/index.php\/wp-json\/wp\/v2\/categories?post=112285"},{"taxonomy":"post_tag","embeddable":true,"href":"https:\/\/nvnoticias.mx\/index.php\/wp-json\/wp\/v2\/tags?post=112285"}],"curies":[{"name":"wp","href":"https:\/\/api.w.org\/{rel}","templated":true}]}}