{"id":112255,"date":"2023-06-30T13:15:51","date_gmt":"2023-06-30T18:15:51","guid":{"rendered":"https:\/\/nvnoticias.mx\/?p=112255"},"modified":"2023-06-30T13:15:52","modified_gmt":"2023-06-30T18:15:52","slug":"en-breve-podrian-identificar-a-policias-que-golpearon-a-dos-integrantes-de-la-comunidad-lgbt","status":"publish","type":"post","link":"https:\/\/nvnoticias.mx\/index.php\/2023\/06\/30\/en-breve-podrian-identificar-a-policias-que-golpearon-a-dos-integrantes-de-la-comunidad-lgbt\/","title":{"rendered":"En breve podr\u00edan identificar a polic\u00edas que golpearon a dos integrantes de la Comunidad LGBT"},"content":{"rendered":"\n<p><strong>Jes\u00fas Utrilla \/ NV Noticias<\/strong><\/p>\n\n\n\n<p>Se espera que en breve se desarrolle la primera audiencia para identificar a los elementos de la polic\u00eda estatal que agredieron a dos integrantes de la Comunidad LGBTTTIQ, en mayo de este a\u00f1o.<\/p>\n\n\n\n<p>Miguel Llinas Gonz\u00e1lez, de la agrupaci\u00f3n Soy Humano AC., admiti\u00f3 que la Fiscal\u00eda atiende el caso pero los elementos no fueron removidos del cargo.<\/p>\n\n\n\n<blockquote class=\"wp-block-quote is-layout-flow wp-block-quote-is-layout-flow\"><p>\u201c<em>El grado de impunidad de cr\u00edmenes de odio es alarmante y en el caso de los chicos han recibido buena atenci\u00f3n por parte de la Fiscal\u00eda y al momento hay un proceso y ser\u00e1 la autoridad la que determine de qu\u00e9 forma se va a sancionar a los servidores y c\u00f3mo va a proceder el caso<\/em>\u201d.<\/p><\/blockquote>\n\n\n\n<p>Admiti\u00f3 que es la primera ocasi\u00f3n en que sucede una agresi\u00f3n por parte de elementos policiacos ya que los efectivos son constantemente sensibilizados sobre temas de inclusi\u00f3n y discriminaci\u00f3n.<\/p>\n\n\n\n<blockquote class=\"wp-block-quote is-layout-flow wp-block-quote-is-layout-flow\"><p>\u201c<em>El grado de ataques contra la poblaci\u00f3n de la diversidad sexual es grave y no solamente son los golpes sino las palabras, la discriminaci\u00f3n de no entrar a un lugar o acceder a un trabajo. Solo este caso se ha suscitado porque la polic\u00eda recibe capacitaci\u00f3n y son sensibilizados sobre la comunidad<\/em>\u201d.\u00a0<\/p><\/blockquote>\n\n\n\n<p>Por su parte Felipe Isa\u00edas Chinas, uno de los agraviados, dio a conocer que los elementos no fueron removidos de sus cargos, incluso, los ha visto &nbsp;operando en otras colonias de la ciudad porte\u00f1a.<\/p>\n\n\n\n<blockquote class=\"wp-block-quote is-layout-flow wp-block-quote-is-layout-flow\"><p>&#8220;<em>No, siguen las mismas unidades, a los elementos los movieron, estamos esperando la primera audiencia para la identificaci\u00f3n de las personas, ellos siguen laborando, ya me los he encontrado. Estamos esperando que se haga la primera audiencia y se haga justicia, ahorita est\u00e1 detenida la carpeta<\/em>&#8220;.<\/p><\/blockquote>\n\n\n\n<p>Cabe recordar que \u00e9l y un acompa\u00f1ante fueron interceptados en el Fraccionamiento &#8220;El Fenix&#8221; por polic\u00edas estatales quienes les propinaron una golpiza que los mand\u00f3 al hospital, al parecer \u00fanicamente por su preferencia sexual, ya que no incurrieron en ning\u00fan momento en alguna falta.<\/p>\n\n\n\n<p>El viernes 20 de mayo, estaba con su esposo, esperando taxi sobre el Eje Intercolonias, despu\u00e9s de haber acudido a una reuni\u00f3n familiar, cuando momentos despu\u00e9s sucedi\u00f3 la agresi\u00f3n.&nbsp;<\/p>\n","protected":false},"excerpt":{"rendered":"<p>Jes\u00fas Utrilla \/ NV Noticias Se espera que en breve se desarrolle la primera audiencia para identificar a los elementos de la polic\u00eda estatal que agredieron a dos integrantes de la Comunidad LGBTTTIQ, en mayo de este a\u00f1o. Miguel Llinas Gonz\u00e1lez, de la agrupaci\u00f3n Soy Humano AC., admiti\u00f3 que la Fiscal\u00eda atiende el caso pero [&hellip;]<\/p>\n","protected":false},"author":8,"featured_media":112257,"comment_status":"open","ping_status":"open","sticky":false,"template":"","format":"standard","meta":{"_monsterinsights_skip_tracking":false,"_monsterinsights_sitenote_active":false,"_monsterinsights_sitenote_note":"","_monsterinsights_sitenote_category":0,"footnotes":""},"categories":[154],"tags":[2482,6788],"class_list":["post-112255","post","type-post","status-publish","format-standard","has-post-thumbnail","hentry","category-veracruz","tag-comunidad-lgbt","tag-policias-3","wp-image-borders"],"amp_enabled":true,"_links":{"self":[{"href":"https:\/\/nvnoticias.mx\/index.php\/wp-json\/wp\/v2\/posts\/112255","targetHints":{"allow":["GET"]}}],"collection":[{"href":"https:\/\/nvnoticias.mx\/index.php\/wp-json\/wp\/v2\/posts"}],"about":[{"href":"https:\/\/nvnoticias.mx\/index.php\/wp-json\/wp\/v2\/types\/post"}],"author":[{"embeddable":true,"href":"https:\/\/nvnoticias.mx\/index.php\/wp-json\/wp\/v2\/users\/8"}],"replies":[{"embeddable":true,"href":"https:\/\/nvnoticias.mx\/index.php\/wp-json\/wp\/v2\/comments?post=112255"}],"version-history":[{"count":1,"href":"https:\/\/nvnoticias.mx\/index.php\/wp-json\/wp\/v2\/posts\/112255\/revisions"}],"predecessor-version":[{"id":112258,"href":"https:\/\/nvnoticias.mx\/index.php\/wp-json\/wp\/v2\/posts\/112255\/revisions\/112258"}],"wp:featuredmedia":[{"embeddable":true,"href":"https:\/\/nvnoticias.mx\/index.php\/wp-json\/wp\/v2\/media\/112257"}],"wp:attachment":[{"href":"https:\/\/nvnoticias.mx\/index.php\/wp-json\/wp\/v2\/media?parent=112255"}],"wp:term":[{"taxonomy":"category","embeddable":true,"href":"https:\/\/nvnoticias.mx\/index.php\/wp-json\/wp\/v2\/categories?post=112255"},{"taxonomy":"post_tag","embeddable":true,"href":"https:\/\/nvnoticias.mx\/index.php\/wp-json\/wp\/v2\/tags?post=112255"}],"curies":[{"name":"wp","href":"https:\/\/api.w.org\/{rel}","templated":true}]}}