{"id":11222,"date":"2021-04-17T17:54:45","date_gmt":"2021-04-17T22:54:45","guid":{"rendered":"https:\/\/nvnoticias.mx\/?p=11222"},"modified":"2021-04-17T17:54:46","modified_gmt":"2021-04-17T22:54:46","slug":"continua-la-vacunacion-anti-covid-en-el-municipio-de-veracruz","status":"publish","type":"post","link":"https:\/\/nvnoticias.mx\/index.php\/2021\/04\/17\/continua-la-vacunacion-anti-covid-en-el-municipio-de-veracruz\/","title":{"rendered":"Contin\u00faa la vacunaci\u00f3n anti-covid en el municipio de Veracruz"},"content":{"rendered":"\n<p><strong>Jes\u00fas Utrilla \/ NV Noticias <\/strong><\/p>\n\n\n\n<p>Adultos mayores del municipio de Veracruz siguen acudiendo a aplicarse la segunda dosis de la vacuna contra el coronavirus.<\/p>\n\n\n\n<p>Admitieron que la atenci\u00f3n fue buena, sin embargo, en algunos m\u00f3dulos estuvieron parados bajo los rayos del sol y el intenso calor.<\/p>\n\n\n\n<blockquote class=\"wp-block-quote is-layout-flow wp-block-quote-is-layout-flow\"><p><em>\u201cLo veo lento, yo vengo por la segunda dosis. Se supone que debes revisar desde antes tus documentos para que sea r\u00e1pido. La vez pasada nos iba a fregar el agua y ahora un golpe de calor\u201d.<\/em><\/p><\/blockquote>\n\n\n\n<p>Quienes acudieron al Auditorio Benito Ju\u00e1rez, tambi\u00e9n reconocieron que les brindaron una buena atenci\u00f3n, incluso desde la primera inyecci\u00f3n.<\/p>\n\n\n\n<blockquote class=\"wp-block-quote is-layout-flow wp-block-quote-is-layout-flow\"><p><em>\u201cDesde la vez pasada nos atendieron muy bien, la verdad yo no tengo queja. Lo que pasa es que a veces no nos gusta hacer cola pero es necesario\u201d.<\/em><\/p><\/blockquote>\n\n\n\n<p>Otros m\u00e1s admitieron que por momentos la fila avanz\u00f3 r\u00e1pido pero por periodos se alent\u00f3.<\/p>\n\n\n\n<blockquote class=\"wp-block-quote is-layout-flow wp-block-quote-is-layout-flow\"><p><em>\u201cNosotros llegamos a las 10 y tenemos media hora aqu\u00ed parados sin avanza, pero iba bien, iba r\u00e1pido\u201d.<\/em><\/p><\/blockquote>\n\n\n\n<p>La jornada de vacunaci\u00f3n de la segunda dosis de la vacuna contra el COVID- 19 se desarrollar\u00e1 hasta el 20 de abril, en el municipio de Veracruz.<\/p>\n\n\n\n<p>Sin embargo, los turnos conforme a las letras del apellido concluyen el 19 de abril.<\/p>\n","protected":false},"excerpt":{"rendered":"<p>Jes\u00fas Utrilla \/ NV Noticias Adultos mayores del municipio de Veracruz siguen acudiendo a aplicarse la segunda dosis de la vacuna contra el coronavirus. Admitieron que la atenci\u00f3n fue buena, sin embargo, en algunos m\u00f3dulos estuvieron parados bajo los rayos del sol y el intenso calor. \u201cLo veo lento, yo vengo por la segunda dosis. [&hellip;]<\/p>\n","protected":false},"author":6,"featured_media":11223,"comment_status":"open","ping_status":"open","sticky":false,"template":"","format":"standard","meta":{"_monsterinsights_skip_tracking":false,"_monsterinsights_sitenote_active":false,"_monsterinsights_sitenote_note":"","_monsterinsights_sitenote_category":0,"footnotes":""},"categories":[154],"tags":[809,180],"class_list":["post-11222","post","type-post","status-publish","format-standard","has-post-thumbnail","hentry","category-veracruz","tag-vacunacion","tag-veracruz","wp-image-borders"],"amp_enabled":true,"_links":{"self":[{"href":"https:\/\/nvnoticias.mx\/index.php\/wp-json\/wp\/v2\/posts\/11222","targetHints":{"allow":["GET"]}}],"collection":[{"href":"https:\/\/nvnoticias.mx\/index.php\/wp-json\/wp\/v2\/posts"}],"about":[{"href":"https:\/\/nvnoticias.mx\/index.php\/wp-json\/wp\/v2\/types\/post"}],"author":[{"embeddable":true,"href":"https:\/\/nvnoticias.mx\/index.php\/wp-json\/wp\/v2\/users\/6"}],"replies":[{"embeddable":true,"href":"https:\/\/nvnoticias.mx\/index.php\/wp-json\/wp\/v2\/comments?post=11222"}],"version-history":[{"count":1,"href":"https:\/\/nvnoticias.mx\/index.php\/wp-json\/wp\/v2\/posts\/11222\/revisions"}],"predecessor-version":[{"id":11224,"href":"https:\/\/nvnoticias.mx\/index.php\/wp-json\/wp\/v2\/posts\/11222\/revisions\/11224"}],"wp:featuredmedia":[{"embeddable":true,"href":"https:\/\/nvnoticias.mx\/index.php\/wp-json\/wp\/v2\/media\/11223"}],"wp:attachment":[{"href":"https:\/\/nvnoticias.mx\/index.php\/wp-json\/wp\/v2\/media?parent=11222"}],"wp:term":[{"taxonomy":"category","embeddable":true,"href":"https:\/\/nvnoticias.mx\/index.php\/wp-json\/wp\/v2\/categories?post=11222"},{"taxonomy":"post_tag","embeddable":true,"href":"https:\/\/nvnoticias.mx\/index.php\/wp-json\/wp\/v2\/tags?post=11222"}],"curies":[{"name":"wp","href":"https:\/\/api.w.org\/{rel}","templated":true}]}}