{"id":112176,"date":"2023-06-29T22:10:14","date_gmt":"2023-06-30T03:10:14","guid":{"rendered":"https:\/\/nvnoticias.mx\/?p=112176"},"modified":"2023-06-29T22:10:14","modified_gmt":"2023-06-30T03:10:14","slug":"con-la-quema-del-mal-humor-inicia-el-carnaval-de-veracruz-2023","status":"publish","type":"post","link":"https:\/\/nvnoticias.mx\/index.php\/2023\/06\/29\/con-la-quema-del-mal-humor-inicia-el-carnaval-de-veracruz-2023\/","title":{"rendered":"Con la Quema del Mal Humor, inicia el Carnaval de Veracruz 2023"},"content":{"rendered":"\n<p><strong>Jes\u00fas Utrilla \/ NV Noticias<\/strong><\/p>\n\n\n\n<p>El esperado Carnaval de Veracruz 2023 dio inicio con gran entusiasmo y alegr\u00eda. La festividad arranc\u00f3 con el tradicional desfile infantil, donde los m\u00e1s peque\u00f1os de la ciudad desfilaron con coloridos trajes y contagiosas sonrisas.<\/p>\n\n\n\n<p>El desfile fue un derroche de creatividad y diversi\u00f3n, llenando las calles con la energ\u00eda de la juventud.<\/p>\n\n\n\n<p>Pero eso no fue todo, ya que durante la apertura del Carnaval tambi\u00e9n se llev\u00f3 a cabo la emblem\u00e1tica Quema del Mal Humor. En esta ocasi\u00f3n, la figura que ardi\u00f3 en llamas fue la representaci\u00f3n simb\u00f3lica de la inflaci\u00f3n.<\/p>\n\n\n\n<p>Con esta acci\u00f3n, los veracruzanos expresaron su deseo de dejar atr\u00e1s las preocupaciones econ\u00f3micas y dar paso a d\u00edas de alegr\u00eda y optimismo.<\/p>\n\n\n\n<p>La emoci\u00f3n contin\u00faa, ya que ma\u00f1ana se celebrar\u00e1 la esperada coronaci\u00f3n de la corte real del Carnaval. Ser\u00e1 un momento lleno de glamour y elegancia, donde se coronar\u00e1 a la reina y a sus princesas, quienes representar\u00e1n a Veracruz con orgullo durante toda la festividad.<\/p>\n\n\n\n<p>Y no podemos olvidar que el s\u00e1bado dar\u00e1n comienzo los paseos en el bulevar Manuel \u00c1vila Camacho, uno de los momentos m\u00e1s esperados por los asistentes.<\/p>\n\n\n\n<p>Las calles se llenar\u00e1n de m\u00fasica, baile y color, mientras los carros aleg\u00f3ricos recorren el bulevar, deleitando a los espectadores con sus incre\u00edbles dise\u00f1os y animadas comparsas.<\/p>\n\n\n\n<p>El Carnaval de Veracruz 2023 promete ser una experiencia inolvidable, llena de diversi\u00f3n y folclore. Las tradiciones se entrelazan con la alegr\u00eda desbordante de los veracruzanos, creando un ambiente \u00fanico y festivo. No hay duda de que estos d\u00edas ser\u00e1n un canto a la vida y a la cultura de Veracruz.<\/p>\n","protected":false},"excerpt":{"rendered":"<p>Jes\u00fas Utrilla \/ NV Noticias El esperado Carnaval de Veracruz 2023 dio inicio con gran entusiasmo y alegr\u00eda. La festividad arranc\u00f3 con el tradicional desfile infantil, donde los m\u00e1s peque\u00f1os de la ciudad desfilaron con coloridos trajes y contagiosas sonrisas. El desfile fue un derroche de creatividad y diversi\u00f3n, llenando las calles con la energ\u00eda [&hellip;]<\/p>\n","protected":false},"author":8,"featured_media":112177,"comment_status":"open","ping_status":"open","sticky":false,"template":"","format":"standard","meta":{"_monsterinsights_skip_tracking":false,"_monsterinsights_sitenote_active":false,"_monsterinsights_sitenote_note":"","_monsterinsights_sitenote_category":0,"footnotes":""},"categories":[154],"tags":[1138,162,1285],"class_list":["post-112176","post","type-post","status-publish","format-standard","has-post-thumbnail","hentry","category-veracruz","tag-carnaval-de-veracruz","tag-portada","tag-quema-del-mal-humor","wp-image-borders"],"amp_enabled":true,"_links":{"self":[{"href":"https:\/\/nvnoticias.mx\/index.php\/wp-json\/wp\/v2\/posts\/112176","targetHints":{"allow":["GET"]}}],"collection":[{"href":"https:\/\/nvnoticias.mx\/index.php\/wp-json\/wp\/v2\/posts"}],"about":[{"href":"https:\/\/nvnoticias.mx\/index.php\/wp-json\/wp\/v2\/types\/post"}],"author":[{"embeddable":true,"href":"https:\/\/nvnoticias.mx\/index.php\/wp-json\/wp\/v2\/users\/8"}],"replies":[{"embeddable":true,"href":"https:\/\/nvnoticias.mx\/index.php\/wp-json\/wp\/v2\/comments?post=112176"}],"version-history":[{"count":1,"href":"https:\/\/nvnoticias.mx\/index.php\/wp-json\/wp\/v2\/posts\/112176\/revisions"}],"predecessor-version":[{"id":112178,"href":"https:\/\/nvnoticias.mx\/index.php\/wp-json\/wp\/v2\/posts\/112176\/revisions\/112178"}],"wp:featuredmedia":[{"embeddable":true,"href":"https:\/\/nvnoticias.mx\/index.php\/wp-json\/wp\/v2\/media\/112177"}],"wp:attachment":[{"href":"https:\/\/nvnoticias.mx\/index.php\/wp-json\/wp\/v2\/media?parent=112176"}],"wp:term":[{"taxonomy":"category","embeddable":true,"href":"https:\/\/nvnoticias.mx\/index.php\/wp-json\/wp\/v2\/categories?post=112176"},{"taxonomy":"post_tag","embeddable":true,"href":"https:\/\/nvnoticias.mx\/index.php\/wp-json\/wp\/v2\/tags?post=112176"}],"curies":[{"name":"wp","href":"https:\/\/api.w.org\/{rel}","templated":true}]}}