{"id":112160,"date":"2023-06-29T20:21:09","date_gmt":"2023-06-30T01:21:09","guid":{"rendered":"https:\/\/nvnoticias.mx\/?p=112160"},"modified":"2023-06-29T20:21:10","modified_gmt":"2023-06-30T01:21:10","slug":"horario-de-verano-ayuda-a-ahorrar-energia-electrica-paty-lobeira","status":"publish","type":"post","link":"https:\/\/nvnoticias.mx\/index.php\/2023\/06\/29\/horario-de-verano-ayuda-a-ahorrar-energia-electrica-paty-lobeira\/","title":{"rendered":"Horario de verano ayuda a ahorrar energ\u00eda el\u00e9ctrica: Paty Lobeira"},"content":{"rendered":"\n<p>Desde que se quit\u00f3 el horario de verano, asegur\u00f3 la alcalde de Veracruz, Patricia Lobeira se ha afectado con el aumento en el gasto de luz derivando los apagones masivos que se han registrado en la zona conurbada. Aunado a ellos asegur\u00f3 que tambi\u00e9n se detonaron los problemas de abastecimiento de agua debido a las altas temperaturas.<\/p>\n\n\n\n<p>Por lo anterior, consider\u00f3 que la mejor opci\u00f3n es regresar al horario de verano, pues se dejar\u00eda de usar considerablemente la energ\u00eda el\u00e9ctrica.<\/p>\n\n\n\n<blockquote class=\"wp-block-quote is-layout-flow wp-block-quote-is-layout-flow\"><p>\u201c<em>El no cambiar el horario de verano afecta tambi\u00e9n, no nada m\u00e1s el tema del agua, sino tambi\u00e9n el tema energ\u00e9tico, es por eso que tambi\u00e9n hemos tenido m\u00e1s apagones, las actividades empiezan desde m\u00e1s temprano, y utilizamos m\u00e1s estos recursos, entonces s\u00ed ser\u00eda bueno regresar al horario de verano<\/em>\u201d.<\/p><\/blockquote>\n\n\n\n<p>Con respecto espec\u00edficamente al tema del agua, asegur\u00f3 que est\u00e1 confirmado el abasto durante el Carnaval de Veracruz gracias a las recientes lluvias, que festej\u00f3, se han incrementado en los \u00faltimos 3 d\u00edas.<\/p>\n\n\n\n<p>Finalmente reiter\u00f3 que es gracias a las precipitaciones que el r\u00edo Jamapa, principal abastecedor de la zona conurbada, se est\u00e1 recuperando y retornando el suministro a las colonias.<\/p>\n","protected":false},"excerpt":{"rendered":"<p>Desde que se quit\u00f3 el horario de verano, asegur\u00f3 la alcalde de Veracruz, Patricia Lobeira se ha afectado con el aumento en el gasto de luz derivando los apagones masivos que se han registrado en la zona conurbada. Aunado a ellos asegur\u00f3 que tambi\u00e9n se detonaron los problemas de abastecimiento de agua debido a las [&hellip;]<\/p>\n","protected":false},"author":8,"featured_media":95930,"comment_status":"open","ping_status":"open","sticky":false,"template":"","format":"standard","meta":{"_monsterinsights_skip_tracking":false,"_monsterinsights_sitenote_active":false,"_monsterinsights_sitenote_note":"","_monsterinsights_sitenote_category":0,"footnotes":""},"categories":[154],"tags":[6988,7693],"class_list":["post-112160","post","type-post","status-publish","format-standard","has-post-thumbnail","hentry","category-veracruz","tag-horario-de-verano","tag-paty-lobeira","wp-image-borders"],"amp_enabled":true,"_links":{"self":[{"href":"https:\/\/nvnoticias.mx\/index.php\/wp-json\/wp\/v2\/posts\/112160","targetHints":{"allow":["GET"]}}],"collection":[{"href":"https:\/\/nvnoticias.mx\/index.php\/wp-json\/wp\/v2\/posts"}],"about":[{"href":"https:\/\/nvnoticias.mx\/index.php\/wp-json\/wp\/v2\/types\/post"}],"author":[{"embeddable":true,"href":"https:\/\/nvnoticias.mx\/index.php\/wp-json\/wp\/v2\/users\/8"}],"replies":[{"embeddable":true,"href":"https:\/\/nvnoticias.mx\/index.php\/wp-json\/wp\/v2\/comments?post=112160"}],"version-history":[{"count":1,"href":"https:\/\/nvnoticias.mx\/index.php\/wp-json\/wp\/v2\/posts\/112160\/revisions"}],"predecessor-version":[{"id":112161,"href":"https:\/\/nvnoticias.mx\/index.php\/wp-json\/wp\/v2\/posts\/112160\/revisions\/112161"}],"wp:featuredmedia":[{"embeddable":true,"href":"https:\/\/nvnoticias.mx\/index.php\/wp-json\/wp\/v2\/media\/95930"}],"wp:attachment":[{"href":"https:\/\/nvnoticias.mx\/index.php\/wp-json\/wp\/v2\/media?parent=112160"}],"wp:term":[{"taxonomy":"category","embeddable":true,"href":"https:\/\/nvnoticias.mx\/index.php\/wp-json\/wp\/v2\/categories?post=112160"},{"taxonomy":"post_tag","embeddable":true,"href":"https:\/\/nvnoticias.mx\/index.php\/wp-json\/wp\/v2\/tags?post=112160"}],"curies":[{"name":"wp","href":"https:\/\/api.w.org\/{rel}","templated":true}]}}