{"id":112157,"date":"2023-06-29T20:08:12","date_gmt":"2023-06-30T01:08:12","guid":{"rendered":"https:\/\/nvnoticias.mx\/?p=112157"},"modified":"2023-06-29T20:08:13","modified_gmt":"2023-06-30T01:08:13","slug":"hombre-lesionado-en-ataque-armado-en-estacionamiento-de-centro-comercial","status":"publish","type":"post","link":"https:\/\/nvnoticias.mx\/index.php\/2023\/06\/29\/hombre-lesionado-en-ataque-armado-en-estacionamiento-de-centro-comercial\/","title":{"rendered":"Hombre lesionado en ataque armado en estacionamiento de Centro Comercial"},"content":{"rendered":"\n<p>Una persona del sexo masculino fue herida por disparos de arma de fuego en el estacionamiento de una plaza comercial de la avenida Miguel Alem\u00e1n, por lo que de inmediato se implement\u00f3 un fuerte operativo en la zona para ubicar a los responsables.<\/p>\n\n\n\n<p>De acuerdo con los reportes, el atentado ocurri\u00f3 este jueves cuando en el estacionamiento del centro comercial El Portal de Miguel Alem\u00e1n y \u00c1lvarado del fraccionamiento Moderno, se escucharon detonaciones por arma de fuego.<\/p>\n\n\n\n<p>Esto activ\u00f3 las alertas y de inmediato se implement\u00f3 un operativo por parte de las diversas corporaciones polic\u00edacas, quienes acordonaron la zona y atendieron al lesionado, qui\u00e9n fue trasladado a una cl\u00ednica local.<\/p>\n\n\n\n<p>La circulaci\u00f3n vehicular fue cerrada por algunos minutos mientras se llevan a cabo las diligencias de levantamiento de los casquillos.<\/p>\n\n\n\n<p>Se espera que m\u00e1s tarde haya un comunicado oficial por parte de las autoridades detallando los hechos.<\/p>\n","protected":false},"excerpt":{"rendered":"<p>Una persona del sexo masculino fue herida por disparos de arma de fuego en el estacionamiento de una plaza comercial de la avenida Miguel Alem\u00e1n, por lo que de inmediato se implement\u00f3 un fuerte operativo en la zona para ubicar a los responsables. De acuerdo con los reportes, el atentado ocurri\u00f3 este jueves cuando en [&hellip;]<\/p>\n","protected":false},"author":8,"featured_media":112158,"comment_status":"open","ping_status":"open","sticky":false,"template":"","format":"standard","meta":{"_monsterinsights_skip_tracking":false,"_monsterinsights_sitenote_active":false,"_monsterinsights_sitenote_note":"","_monsterinsights_sitenote_category":0,"footnotes":""},"categories":[154],"tags":[6574,162,180],"class_list":["post-112157","post","type-post","status-publish","format-standard","has-post-thumbnail","hentry","category-veracruz","tag-balacera","tag-portada","tag-veracruz","wp-image-borders"],"amp_enabled":true,"_links":{"self":[{"href":"https:\/\/nvnoticias.mx\/index.php\/wp-json\/wp\/v2\/posts\/112157","targetHints":{"allow":["GET"]}}],"collection":[{"href":"https:\/\/nvnoticias.mx\/index.php\/wp-json\/wp\/v2\/posts"}],"about":[{"href":"https:\/\/nvnoticias.mx\/index.php\/wp-json\/wp\/v2\/types\/post"}],"author":[{"embeddable":true,"href":"https:\/\/nvnoticias.mx\/index.php\/wp-json\/wp\/v2\/users\/8"}],"replies":[{"embeddable":true,"href":"https:\/\/nvnoticias.mx\/index.php\/wp-json\/wp\/v2\/comments?post=112157"}],"version-history":[{"count":1,"href":"https:\/\/nvnoticias.mx\/index.php\/wp-json\/wp\/v2\/posts\/112157\/revisions"}],"predecessor-version":[{"id":112159,"href":"https:\/\/nvnoticias.mx\/index.php\/wp-json\/wp\/v2\/posts\/112157\/revisions\/112159"}],"wp:featuredmedia":[{"embeddable":true,"href":"https:\/\/nvnoticias.mx\/index.php\/wp-json\/wp\/v2\/media\/112158"}],"wp:attachment":[{"href":"https:\/\/nvnoticias.mx\/index.php\/wp-json\/wp\/v2\/media?parent=112157"}],"wp:term":[{"taxonomy":"category","embeddable":true,"href":"https:\/\/nvnoticias.mx\/index.php\/wp-json\/wp\/v2\/categories?post=112157"},{"taxonomy":"post_tag","embeddable":true,"href":"https:\/\/nvnoticias.mx\/index.php\/wp-json\/wp\/v2\/tags?post=112157"}],"curies":[{"name":"wp","href":"https:\/\/api.w.org\/{rel}","templated":true}]}}