{"id":112099,"date":"2023-06-29T12:28:19","date_gmt":"2023-06-29T17:28:19","guid":{"rendered":"https:\/\/nvnoticias.mx\/?p=112099"},"modified":"2023-06-29T12:28:20","modified_gmt":"2023-06-29T17:28:20","slug":"canacar-defiende-a-la-guardia-nacional-exsome-zapata","status":"publish","type":"post","link":"https:\/\/nvnoticias.mx\/index.php\/2023\/06\/29\/canacar-defiende-a-la-guardia-nacional-exsome-zapata\/","title":{"rendered":"Canacar defiende a la Guardia Nacional: Exsome Zapata"},"content":{"rendered":"\n<p><strong>Jes\u00fas Utrilla \/ NV Noticias<\/strong><\/p>\n\n\n\n<p>Luis Exsome Zapata, delegado de la C\u00e1mara Nacional de Autotransporte de Carga en Veracruz, defendi\u00f3 a la Guardia Nacional y consider\u00f3 que los miembros de la Amotac se excedieron con la manifestaci\u00f3n afuera de las instalaciones de dicha corporaci\u00f3n.<\/p>\n\n\n\n<p>Neg\u00f3 la existencia de abusos por parte de la Guardia Nacional hacia los transportistas, aunque admiti\u00f3 que las multas son altas. <\/p>\n\n\n\n<p>Seg\u00fan \u00e9l, la protesta realizada por los miembros de Alianza Mexicana de Organizaci\u00f3n de Transportistas en contra de las extorsiones fue excesiva y ten\u00eda motivaciones diferentes, esto a pesar de que supuestamente un elemento de la Guardia Nacional le solicit\u00f3 500 pesos a un conductor para no multarlo.<\/p>\n\n\n\n<blockquote class=\"wp-block-quote is-layout-flow wp-block-quote-is-layout-flow\"><p>&#8220;<em>En ocasiones, puede ocurrir, pero hay que considerar el contexto y tener en cuenta que tambi\u00e9n puede haber actitudes prepotentes, pero en nuestro caso, esto no ha sido un problema recurrente. Imag\u00ednate, bloquear el acceso a la Ciudad de Veracruz solo porque le pidieron 500 pesos a un conducto<\/em>r&#8221;, se\u00f1al\u00f3.<\/p><\/blockquote>\n\n\n\n<p>Insisti\u00f3 en que la protesta de AMOTAC tiene alg\u00fan trasfondo y dijo que esa no es c\u00e1mara empresarial.<\/p>\n\n\n\n<p>En relaci\u00f3n a las lluvias, anticip\u00f3 que las carreteras se ver\u00e1n afectadas, especialmente la que conecta Tinaja con Coatzacoalcos, siendo la v\u00eda hacia el sureste.<\/p>\n\n\n\n<p>Por \u00faltimo, mencion\u00f3 que en la zona de El Dorado hay un problema de congesti\u00f3n, pero hay un proyecto en marcha para construir un puente que conecte Boca del R\u00edo con Ant\u00f3n Lizardo.<\/p>\n","protected":false},"excerpt":{"rendered":"<p>Jes\u00fas Utrilla \/ NV Noticias Luis Exsome Zapata, delegado de la C\u00e1mara Nacional de Autotransporte de Carga en Veracruz, defendi\u00f3 a la Guardia Nacional y consider\u00f3 que los miembros de la Amotac se excedieron con la manifestaci\u00f3n afuera de las instalaciones de dicha corporaci\u00f3n. Neg\u00f3 la existencia de abusos por parte de la Guardia Nacional [&hellip;]<\/p>\n","protected":false},"author":8,"featured_media":68905,"comment_status":"open","ping_status":"open","sticky":false,"template":"","format":"standard","meta":{"_monsterinsights_skip_tracking":false,"_monsterinsights_sitenote_active":false,"_monsterinsights_sitenote_note":"","_monsterinsights_sitenote_category":0,"footnotes":""},"categories":[154],"tags":[841,450,4041],"class_list":["post-112099","post","type-post","status-publish","format-standard","has-post-thumbnail","hentry","category-veracruz","tag-canacar","tag-guardia-nacional","tag-luis-exsome","wp-image-borders"],"amp_enabled":true,"_links":{"self":[{"href":"https:\/\/nvnoticias.mx\/index.php\/wp-json\/wp\/v2\/posts\/112099","targetHints":{"allow":["GET"]}}],"collection":[{"href":"https:\/\/nvnoticias.mx\/index.php\/wp-json\/wp\/v2\/posts"}],"about":[{"href":"https:\/\/nvnoticias.mx\/index.php\/wp-json\/wp\/v2\/types\/post"}],"author":[{"embeddable":true,"href":"https:\/\/nvnoticias.mx\/index.php\/wp-json\/wp\/v2\/users\/8"}],"replies":[{"embeddable":true,"href":"https:\/\/nvnoticias.mx\/index.php\/wp-json\/wp\/v2\/comments?post=112099"}],"version-history":[{"count":1,"href":"https:\/\/nvnoticias.mx\/index.php\/wp-json\/wp\/v2\/posts\/112099\/revisions"}],"predecessor-version":[{"id":112100,"href":"https:\/\/nvnoticias.mx\/index.php\/wp-json\/wp\/v2\/posts\/112099\/revisions\/112100"}],"wp:featuredmedia":[{"embeddable":true,"href":"https:\/\/nvnoticias.mx\/index.php\/wp-json\/wp\/v2\/media\/68905"}],"wp:attachment":[{"href":"https:\/\/nvnoticias.mx\/index.php\/wp-json\/wp\/v2\/media?parent=112099"}],"wp:term":[{"taxonomy":"category","embeddable":true,"href":"https:\/\/nvnoticias.mx\/index.php\/wp-json\/wp\/v2\/categories?post=112099"},{"taxonomy":"post_tag","embeddable":true,"href":"https:\/\/nvnoticias.mx\/index.php\/wp-json\/wp\/v2\/tags?post=112099"}],"curies":[{"name":"wp","href":"https:\/\/api.w.org\/{rel}","templated":true}]}}