{"id":112089,"date":"2023-06-29T12:19:31","date_gmt":"2023-06-29T17:19:31","guid":{"rendered":"https:\/\/nvnoticias.mx\/?p=112089"},"modified":"2023-06-29T12:19:34","modified_gmt":"2023-06-29T17:19:34","slug":"empeorara-calidad-del-aire-en-canada-y-eu-por-incendios-forestales","status":"publish","type":"post","link":"https:\/\/nvnoticias.mx\/index.php\/2023\/06\/29\/empeorara-calidad-del-aire-en-canada-y-eu-por-incendios-forestales\/","title":{"rendered":"Empeorar\u00e1 calidad del aire en Canad\u00e1 y EU por incendios forestales"},"content":{"rendered":"\n<p>Los&nbsp;<strong>incendios<\/strong>&nbsp;forestales en&nbsp;<strong>Canad\u00e1<\/strong>&nbsp;empeorar\u00e1n el aire en todo el pa\u00eds y en Estados Unidos en los pr\u00f3ximos d\u00edas debido a que no ha llovido como se esperaba en las \u00e1reas de&nbsp;<strong>Quebec<\/strong>&nbsp;donde las llamas est\u00e1n m\u00e1s activas, alertaron las autoridades.<\/p>\n\n\n\n<p>El humo de los incendios ha bajado cortinas de neblina en amplias franjas de Canad\u00e1 y Estados Unidos, avanzando hacia el sur de Illinois, Indiana y Ohio, y movi\u00e9ndose hacia partes de Virginia Occidental.<\/p>\n\n\n\n<p>Las autoridades canadienses dicen que es la&nbsp;<strong>peor temporada de incendios forestales<\/strong>&nbsp;de la historia del pa\u00eds y consideran que la&nbsp;<strong>calidad del aire<\/strong>&nbsp;seguir\u00e1 siendo una preocupaci\u00f3n durante el verano, mientras contin\u00faen los incendios.<\/p>\n\n\n\n<p>El meteor\u00f3logo canadiense Steven Flisfeder dijo que el humo migrar\u00e1 a trav\u00e9s de Quebec y Ontario en los pr\u00f3ximos d\u00edas y, como resultado, la calidad del aire se deteriorar\u00e1.<\/p>\n\n\n\n<blockquote class=\"wp-block-quote is-layout-flow wp-block-quote-is-layout-flow\"><p>\u201cMientras los incendios est\u00e9n ardiendo y el humo est\u00e9 en la atm\u00f3sfera, ser\u00e1 una preocupaci\u00f3n no solo para los canadienses, sino tambi\u00e9n para los estadounidenses\u201d, se\u00f1al\u00f3 Flisfeder.<\/p><\/blockquote>\n\n\n\n<p>Agreg\u00f3 que los cielos llenos de humo y neblina persistir\u00e1n a menos que la lluvia brinde suficiente ayuda a los bomberos para controlar las llamas. \u201cEs importante tener en cuenta que las mayores cantidades de&nbsp;<strong>lluvia&nbsp;<\/strong>no se recibieron en aquellas \u00e1reas donde est\u00e1n los incendios forestales m\u00e1s activos\u201d, explic\u00f3.<\/p>\n\n\n\n<p>El \u00e1rea de Detroit se despert\u00f3 el mi\u00e9rcoles con&nbsp;<strong>una de las peores calidades de aire en Estados Unidos<\/strong>, mientras el humo de los incendios forestales de Canad\u00e1 se asent\u00f3 sobre la regi\u00f3n de los Grandes Lagos y la&nbsp;<strong>neblina insalubre<\/strong>&nbsp;se extendi\u00f3 hacia el sur, hasta Missouri y Kentucky.<\/p>\n\n\n\n<p>Mientras tanto, la NASA inform\u00f3 que el humo ya lleg\u00f3 a Europa. La agencia espacial estadounidense dijo que im\u00e1genes satelitales del lunes mostraban\u00a0<strong>humo atravesando el Oc\u00e9ano Atl\u00e1ntico Norte<\/strong>\u00a0hacia la Pen\u00ednsula Ib\u00e9rica, Francia y otras partes de Europa occidental.<\/p>\n\n\n\n<p>Fuente: <a href=\"https:\/\/www.eluniversal.com.mx\/mundo\/empeorara-calidad-del-aire-en-canada-y-eu-por-incendios-forestales-y-falta-de-lluvias\/\" data-type=\"URL\" data-id=\"https:\/\/www.eluniversal.com.mx\/mundo\/empeorara-calidad-del-aire-en-canada-y-eu-por-incendios-forestales-y-falta-de-lluvias\/\">El Universal<\/a> <\/p>\n","protected":false},"excerpt":{"rendered":"<p>Los&nbsp;incendios&nbsp;forestales en&nbsp;Canad\u00e1&nbsp;empeorar\u00e1n el aire en todo el pa\u00eds y en Estados Unidos en los pr\u00f3ximos d\u00edas debido a que no ha llovido como se esperaba en las \u00e1reas de&nbsp;Quebec&nbsp;donde las llamas est\u00e1n m\u00e1s activas, alertaron las autoridades. El humo de los incendios ha bajado cortinas de neblina en amplias franjas de Canad\u00e1 y Estados Unidos, [&hellip;]<\/p>\n","protected":false},"author":35,"featured_media":48598,"comment_status":"open","ping_status":"open","sticky":false,"template":"","format":"standard","meta":{"_monsterinsights_skip_tracking":false,"_monsterinsights_sitenote_active":false,"_monsterinsights_sitenote_note":"","_monsterinsights_sitenote_category":0,"footnotes":""},"categories":[181],"tags":[8183,887,17867,183,2256],"class_list":["post-112089","post","type-post","status-publish","format-standard","has-post-thumbnail","hentry","category-internacional","tag-aire","tag-canada-2","tag-empeorara","tag-estados-unidos","tag-incendios-forestales","wp-image-borders"],"amp_enabled":true,"_links":{"self":[{"href":"https:\/\/nvnoticias.mx\/index.php\/wp-json\/wp\/v2\/posts\/112089","targetHints":{"allow":["GET"]}}],"collection":[{"href":"https:\/\/nvnoticias.mx\/index.php\/wp-json\/wp\/v2\/posts"}],"about":[{"href":"https:\/\/nvnoticias.mx\/index.php\/wp-json\/wp\/v2\/types\/post"}],"author":[{"embeddable":true,"href":"https:\/\/nvnoticias.mx\/index.php\/wp-json\/wp\/v2\/users\/35"}],"replies":[{"embeddable":true,"href":"https:\/\/nvnoticias.mx\/index.php\/wp-json\/wp\/v2\/comments?post=112089"}],"version-history":[{"count":4,"href":"https:\/\/nvnoticias.mx\/index.php\/wp-json\/wp\/v2\/posts\/112089\/revisions"}],"predecessor-version":[{"id":112094,"href":"https:\/\/nvnoticias.mx\/index.php\/wp-json\/wp\/v2\/posts\/112089\/revisions\/112094"}],"wp:featuredmedia":[{"embeddable":true,"href":"https:\/\/nvnoticias.mx\/index.php\/wp-json\/wp\/v2\/media\/48598"}],"wp:attachment":[{"href":"https:\/\/nvnoticias.mx\/index.php\/wp-json\/wp\/v2\/media?parent=112089"}],"wp:term":[{"taxonomy":"category","embeddable":true,"href":"https:\/\/nvnoticias.mx\/index.php\/wp-json\/wp\/v2\/categories?post=112089"},{"taxonomy":"post_tag","embeddable":true,"href":"https:\/\/nvnoticias.mx\/index.php\/wp-json\/wp\/v2\/tags?post=112089"}],"curies":[{"name":"wp","href":"https:\/\/api.w.org\/{rel}","templated":true}]}}