{"id":112015,"date":"2023-06-28T16:59:11","date_gmt":"2023-06-28T21:59:11","guid":{"rendered":"https:\/\/nvnoticias.mx\/?p=112015"},"modified":"2023-06-28T16:59:13","modified_gmt":"2023-06-28T21:59:13","slug":"pospone-madonna-gira-mundial-tras-ser-hospitalizada-por-una-infeccion-grave","status":"publish","type":"post","link":"https:\/\/nvnoticias.mx\/index.php\/2023\/06\/28\/pospone-madonna-gira-mundial-tras-ser-hospitalizada-por-una-infeccion-grave\/","title":{"rendered":"Pospone Madonna gira mundial tras ser hospitalizada por una infecci\u00f3n grave"},"content":{"rendered":"\n<p>Madonna, la reina del pop, ha tenido que posponer su tour debido a que se encuentra hospitalizada de emergencia por una grave infecci\u00f3n bacteriana que ha mermado seriamente la salud de la cantante.<\/p>\n\n\n\n<p>Fue su representante quien dio a conocer la noticia a trav\u00e9s de la red social Instagram; en ese comunicado indic\u00f3 que posteriormente dar\u00e1n las nuevas fechas para quienes estaban en espera de que comenzaran los conciertos con la int\u00e9rprete de &#8216;Like a Virgin&#8217;.<\/p>\n\n\n\n<p>La famosa cantante al parecer desarroll\u00f3 una enfermedad de corte bacteriano que termin\u00f3 por llevarla a &#8220;una estad\u00eda de varios d\u00edas en la UCI&#8221;, dijo Guy Oseary, su representante. Aunque asegur\u00f3 que Madonna est\u00e1 en recuperaci\u00f3n.<\/p>\n\n\n\n<p>Pese a que hay diversos rumores sobre el delicado momento que pasa la tambi\u00e9n bailarina, las versiones oficiales que ha brindado Oseary refieren que est\u00e1 estable, pero en recuperaci\u00f3n bajo observaci\u00f3n m\u00e9dica de los expertos.<\/p>\n\n\n\n<p>Hasta el momento su manager no ha dado mayores detalles sobre el tema, pero inform\u00f3 que pr\u00f3ximamente se anunciar\u00e1n las medidas que tomar\u00e1n para retomar la gira que estaba programada para que la reina del pop celebrara el 40 aniversario de su primer sencillo, Holiday.<\/p>\n\n\n\n<p>Madonna ten\u00eda contemplado regresar con su gira &#8216;Madonna The Celebration Tour&#8217; a M\u00e9xico; estaba previsto que se presentara en el Palacio de los Deportes de la Ciudad de M\u00e9xico el 25 de enero del 2024. La preventa de boletos para su show fue el 20 de abril para clientes Citibanamex.<\/p>\n\n\n\n<p>Fuente: <a href=\"https:\/\/www.milenio.com\/espectaculos\/famosos\/madonna-hospitalizan-cantante-grave-infeccion-pospone-tour\" data-type=\"URL\" data-id=\"https:\/\/www.milenio.com\/espectaculos\/famosos\/madonna-hospitalizan-cantante-grave-infeccion-pospone-tour\">Milenio<\/a><\/p>\n","protected":false},"excerpt":{"rendered":"<p>Madonna, la reina del pop, ha tenido que posponer su tour debido a que se encuentra hospitalizada de emergencia por una grave infecci\u00f3n bacteriana que ha mermado seriamente la salud de la cantante. Fue su representante quien dio a conocer la noticia a trav\u00e9s de la red social Instagram; en ese comunicado indic\u00f3 que posteriormente [&hellip;]<\/p>\n","protected":false},"author":35,"featured_media":21452,"comment_status":"open","ping_status":"open","sticky":false,"template":"","format":"standard","meta":{"_monsterinsights_skip_tracking":false,"_monsterinsights_sitenote_active":false,"_monsterinsights_sitenote_note":"","_monsterinsights_sitenote_category":0,"footnotes":""},"categories":[576],"tags":[12134,26020,26021,5062,8533],"class_list":["post-112015","post","type-post","status-publish","format-standard","has-post-thumbnail","hentry","category-ocio","tag-gira-mundial","tag-hospitalizada","tag-infeccion-grave","tag-madonna","tag-pospone","wp-image-borders"],"amp_enabled":true,"_links":{"self":[{"href":"https:\/\/nvnoticias.mx\/index.php\/wp-json\/wp\/v2\/posts\/112015","targetHints":{"allow":["GET"]}}],"collection":[{"href":"https:\/\/nvnoticias.mx\/index.php\/wp-json\/wp\/v2\/posts"}],"about":[{"href":"https:\/\/nvnoticias.mx\/index.php\/wp-json\/wp\/v2\/types\/post"}],"author":[{"embeddable":true,"href":"https:\/\/nvnoticias.mx\/index.php\/wp-json\/wp\/v2\/users\/35"}],"replies":[{"embeddable":true,"href":"https:\/\/nvnoticias.mx\/index.php\/wp-json\/wp\/v2\/comments?post=112015"}],"version-history":[{"count":1,"href":"https:\/\/nvnoticias.mx\/index.php\/wp-json\/wp\/v2\/posts\/112015\/revisions"}],"predecessor-version":[{"id":112016,"href":"https:\/\/nvnoticias.mx\/index.php\/wp-json\/wp\/v2\/posts\/112015\/revisions\/112016"}],"wp:featuredmedia":[{"embeddable":true,"href":"https:\/\/nvnoticias.mx\/index.php\/wp-json\/wp\/v2\/media\/21452"}],"wp:attachment":[{"href":"https:\/\/nvnoticias.mx\/index.php\/wp-json\/wp\/v2\/media?parent=112015"}],"wp:term":[{"taxonomy":"category","embeddable":true,"href":"https:\/\/nvnoticias.mx\/index.php\/wp-json\/wp\/v2\/categories?post=112015"},{"taxonomy":"post_tag","embeddable":true,"href":"https:\/\/nvnoticias.mx\/index.php\/wp-json\/wp\/v2\/tags?post=112015"}],"curies":[{"name":"wp","href":"https:\/\/api.w.org\/{rel}","templated":true}]}}