{"id":112000,"date":"2023-06-28T15:35:03","date_gmt":"2023-06-28T20:35:03","guid":{"rendered":"https:\/\/nvnoticias.mx\/?p=112000"},"modified":"2023-06-28T15:35:05","modified_gmt":"2023-06-28T20:35:05","slug":"otorgan-98-7-mdd-a-la-cfe-para-la-primera-fase-de-planta-solar-de-puerto-penasco","status":"publish","type":"post","link":"https:\/\/nvnoticias.mx\/index.php\/2023\/06\/28\/otorgan-98-7-mdd-a-la-cfe-para-la-primera-fase-de-planta-solar-de-puerto-penasco\/","title":{"rendered":"Otorgan 98.7 mdd a la CFE para la primera fase de planta solar de Puerto Pe\u00f1asco"},"content":{"rendered":"\n<p>La Comisi\u00f3n Federal de Electricidad (CFE) inform\u00f3 que la Agencia Francesa de Desarrollo (ADF) le otorg\u00f3 un financiamiento por un monto de 98.7 mdd para la primera etapa de la planta solar de Puerto Pe\u00f1asco.<\/p>\n\n\n\n<p>La empresa productiva del Estado explic\u00f3 que a trav\u00e9s de este financiamiento, la AFD particip\u00f3 en la recuperaci\u00f3n de la capacidad de generaci\u00f3n de energ\u00eda de la CFE con recursos financieros por el monto antes mencionado a un plazo de 20 a\u00f1os.<\/p>\n\n\n\n<p>Esto con un formato de \u201camortizaciones lineales semestrales\u201d, en condiciones financieras favorables para el pago parcial de la primera fase del Proyecto de Inversi\u00f3n Integral&nbsp;Central Fotovoltaica Puerto Pe\u00f1asco, Sonora, con una capacidad de instalada de 120 megavatios (MW) de generaci\u00f3n de energ\u00eda renovable para su incorporaci\u00f3n al Sistema Interconectado Nacional (SIN).<\/p>\n\n\n\n<p>indic\u00f3 que esto es parte de la estrategia para fortalecer su capacidad de generaci\u00f3n de energ\u00eda el\u00e9ctrica a trav\u00e9s de fuentes limpias y renovables y con esto, contribuir a reducir las emisiones de gases de efecto invernadero y\u00a0 alcanzar los compromisos que el gobierno de M\u00e9xico ha establecido con diferentes instancias a nivel internacional en materia de sustentabilidad y combate al cambio clim\u00e1tico.<\/p>\n\n\n\n<p>Es as\u00ed que la CFE y Agencia Francesa de Desarrollo (AFD) firmaron un contrato de cr\u00e9dito CFE-AFD III para el financiamiento de proyectos de inversi\u00f3n renovables.<\/p>\n\n\n\n<blockquote class=\"wp-block-quote is-layout-flow wp-block-quote-is-layout-flow\"><p>\u201cEs importante destacar que el proyecto de inversi\u00f3n integral\u00a0Central Fotovoltaica Puerto Pe\u00f1asco, Sonora,\u00a0contar\u00e1 con una capacidad total de 1,000 MW a condiciones est\u00e1ndar (STC) y considera como energ\u00e9tico primario la irradiaci\u00f3n solar y un almacenamiento a base de bater\u00edas de 190 MW, la cual se ubicar\u00e1 en el municipio de Puerto Pe\u00f1asco, Sonora. El proyecto de inversi\u00f3n integral CFV Puerto Pe\u00f1asco se desarrollar\u00e1 en cuatro fases\u201d, se\u00f1al\u00f3 la CFE.<\/p><\/blockquote>\n\n\n\n<p>La CFE resalta que el proyecto integral de la planta solar en Puerto Pe\u00f1asco, le permitir\u00e1 aumentar su competitividad&nbsp;mediante la generaci\u00f3n de energ\u00eda renovable durante un horizonte de 25 a\u00f1os.<\/p>\n\n\n\n<p>Tambi\u00e9n a reducir los costos&nbsp;unitarios variables de electricidad, en comparaci\u00f3n con otras centrales, esto por la implementaci\u00f3n de tecnolog\u00edas a base de fuentes renovables sin consumo de combustibles f\u00f3siles.<\/p>\n\n\n\n<p>Y finalmente, le ayudar\u00e1 a incrementar el suministro&nbsp;y confiabilidad&nbsp;del servicio el\u00e9ctrico mediante la incorporaci\u00f3n de una nueva central moderna y eficiente en la zona noroeste del pa\u00eds, ante la creciente demanda de electricidad derivada del nearshoring.&nbsp;<\/p>\n\n\n\n<blockquote class=\"wp-block-quote is-layout-flow wp-block-quote-is-layout-flow\"><p>\u201cPara la presente Administraci\u00f3n de la CFE, la cooperaci\u00f3n internacional es un mecanismo de colaboraci\u00f3n fundamental para generar sinergias, adoptar las mejores pr\u00e1cticas en la materia y apoyar la transferencia de conocimientos y tecnolog\u00edas entre empresas l\u00edderes en sus sectores y regiones, como son CFE y AFD\u201d, apunt\u00f3.<\/p><\/blockquote>\n\n\n\n<p>Fuente: <a href=\"https:\/\/www.forbes.com.mx\/dan-98-7-mdd-a-cfe-para-primera-fase-de-planta-solar-de-puerto-penasco\/\" data-type=\"URL\" data-id=\"https:\/\/www.forbes.com.mx\/dan-98-7-mdd-a-cfe-para-primera-fase-de-planta-solar-de-puerto-penasco\/\">Forbes<\/a> <\/p>\n","protected":false},"excerpt":{"rendered":"<p>La Comisi\u00f3n Federal de Electricidad (CFE) inform\u00f3 que la Agencia Francesa de Desarrollo (ADF) le otorg\u00f3 un financiamiento por un monto de 98.7 mdd para la primera etapa de la planta solar de Puerto Pe\u00f1asco. La empresa productiva del Estado explic\u00f3 que a trav\u00e9s de este financiamiento, la AFD particip\u00f3 en la recuperaci\u00f3n de la [&hellip;]<\/p>\n","protected":false},"author":35,"featured_media":57839,"comment_status":"open","ping_status":"open","sticky":false,"template":"","format":"standard","meta":{"_monsterinsights_skip_tracking":false,"_monsterinsights_sitenote_active":false,"_monsterinsights_sitenote_note":"","_monsterinsights_sitenote_category":0,"footnotes":""},"categories":[157],"tags":[821,9796,9058,162,26017,23293],"class_list":["post-112000","post","type-post","status-publish","format-standard","has-post-thumbnail","hentry","category-nacional","tag-cfe","tag-otorgan","tag-planta-solar","tag-portada","tag-primera-fase","tag-puerto-penasco","wp-image-borders"],"amp_enabled":true,"_links":{"self":[{"href":"https:\/\/nvnoticias.mx\/index.php\/wp-json\/wp\/v2\/posts\/112000","targetHints":{"allow":["GET"]}}],"collection":[{"href":"https:\/\/nvnoticias.mx\/index.php\/wp-json\/wp\/v2\/posts"}],"about":[{"href":"https:\/\/nvnoticias.mx\/index.php\/wp-json\/wp\/v2\/types\/post"}],"author":[{"embeddable":true,"href":"https:\/\/nvnoticias.mx\/index.php\/wp-json\/wp\/v2\/users\/35"}],"replies":[{"embeddable":true,"href":"https:\/\/nvnoticias.mx\/index.php\/wp-json\/wp\/v2\/comments?post=112000"}],"version-history":[{"count":4,"href":"https:\/\/nvnoticias.mx\/index.php\/wp-json\/wp\/v2\/posts\/112000\/revisions"}],"predecessor-version":[{"id":112004,"href":"https:\/\/nvnoticias.mx\/index.php\/wp-json\/wp\/v2\/posts\/112000\/revisions\/112004"}],"wp:featuredmedia":[{"embeddable":true,"href":"https:\/\/nvnoticias.mx\/index.php\/wp-json\/wp\/v2\/media\/57839"}],"wp:attachment":[{"href":"https:\/\/nvnoticias.mx\/index.php\/wp-json\/wp\/v2\/media?parent=112000"}],"wp:term":[{"taxonomy":"category","embeddable":true,"href":"https:\/\/nvnoticias.mx\/index.php\/wp-json\/wp\/v2\/categories?post=112000"},{"taxonomy":"post_tag","embeddable":true,"href":"https:\/\/nvnoticias.mx\/index.php\/wp-json\/wp\/v2\/tags?post=112000"}],"curies":[{"name":"wp","href":"https:\/\/api.w.org\/{rel}","templated":true}]}}