{"id":111991,"date":"2023-06-28T15:48:17","date_gmt":"2023-06-28T20:48:17","guid":{"rendered":"https:\/\/nvnoticias.mx\/?p=111991"},"modified":"2023-06-28T15:48:19","modified_gmt":"2023-06-28T20:48:19","slug":"piden-justicia-y-seguridad-para-alumno-agredido-del-conalep-i","status":"publish","type":"post","link":"https:\/\/nvnoticias.mx\/index.php\/2023\/06\/28\/piden-justicia-y-seguridad-para-alumno-agredido-del-conalep-i\/","title":{"rendered":"Piden justicia y seguridad para alumno agredido del CONALEP I"},"content":{"rendered":"\n<p><strong>Jes\u00fas Utrilla \/ NV Noticias <\/strong><\/p>\n\n\n\n<p>La Se\u00f1ora Ira\u00eds Morales L\u00f3pez pidi\u00f3 el apoyo de los medios de comunicaci\u00f3n ya que la Fiscal\u00eda no ha hecho justicia a su hijo menor de edad y alumno del CONALEP I, despu\u00e9s del ataque con arma blanca que recibi\u00f3 de un sujeto el pasado Jueves.<\/p>\n\n\n\n<p>Francisco \u201cN\u201d tuvo un enfrentamiento con otro joven alumno del CBTIS 79, al ganarle en la pelea, el padre del otro joven sac\u00f3 un arma y lo lastim\u00f3 y ahora temen por su vida, por lo que pidieron el apoyo de las autoridades.<\/p>\n\n\n\n<blockquote class=\"wp-block-quote is-layout-flow wp-block-quote-is-layout-flow\"><p><em>\u201cUn se\u00f1or llamado Fernando Villalvazo atac\u00f3 a mi hijo. Una semana antes de ese d\u00eda mi hijo tuvo un conflicto con otro joven y el se\u00f1or busc\u00f3 revancha, mi hijo volvi\u00f3 a ganar la segunda pelea y el se\u00f1or lo agrede pero con arma\u201d.<\/em><\/p><\/blockquote>\n\n\n\n<p>La familia present\u00f3 la denuncia ya que le causaron lesiones en el cuello y pecho con un picahielo o navaja. Seg\u00fan versiones el joven del CBTIS 79, presuntamente es violento.Sin embargo, aunque entregaron formatos al C5, emitidos por la Fiscal\u00eda, a\u00fan no le brindan seguridad al muchacho menor de edad.<\/p>\n\n\n\n<blockquote class=\"wp-block-quote is-layout-flow wp-block-quote-is-layout-flow\"><p><em>\u201cSe present\u00f3 la denuncia el martes, la carpeta es la 2105\/2023. Le dieron oficio de psicolog\u00eda y todos los pertinentes. No hemos podido hablar con la fiscal para presentar nuestro escrito de que tomaremos la defensa y ver que contin\u00faa porque en los v\u00eddeos virales se aprecia un arma por parte del se\u00f1or\u201d. <\/em><\/p><\/blockquote>\n\n\n\n<p>La familia acus\u00f3 que no se a atendido m\u00e9dicamente al joven y determinar la gravedad de las lesiones. Adem\u00e1s siente temor de volver a la escuela<\/p>\n","protected":false},"excerpt":{"rendered":"<p>Jes\u00fas Utrilla \/ NV Noticias La Se\u00f1ora Ira\u00eds Morales L\u00f3pez pidi\u00f3 el apoyo de los medios de comunicaci\u00f3n ya que la Fiscal\u00eda no ha hecho justicia a su hijo menor de edad y alumno del CONALEP I, despu\u00e9s del ataque con arma blanca que recibi\u00f3 de un sujeto el pasado Jueves. Francisco \u201cN\u201d tuvo un [&hellip;]<\/p>\n","protected":false},"author":8,"featured_media":112005,"comment_status":"open","ping_status":"open","sticky":false,"template":"","format":"standard","meta":{"_monsterinsights_skip_tracking":false,"_monsterinsights_sitenote_active":false,"_monsterinsights_sitenote_note":"","_monsterinsights_sitenote_category":0,"footnotes":""},"categories":[154],"tags":[2229,26019,26018,1089],"class_list":["post-111991","post","type-post","status-publish","format-standard","has-post-thumbnail","hentry","category-veracruz","tag-agresion","tag-cbtis-79","tag-conalep-1","tag-pelea","wp-image-borders"],"amp_enabled":true,"_links":{"self":[{"href":"https:\/\/nvnoticias.mx\/index.php\/wp-json\/wp\/v2\/posts\/111991","targetHints":{"allow":["GET"]}}],"collection":[{"href":"https:\/\/nvnoticias.mx\/index.php\/wp-json\/wp\/v2\/posts"}],"about":[{"href":"https:\/\/nvnoticias.mx\/index.php\/wp-json\/wp\/v2\/types\/post"}],"author":[{"embeddable":true,"href":"https:\/\/nvnoticias.mx\/index.php\/wp-json\/wp\/v2\/users\/8"}],"replies":[{"embeddable":true,"href":"https:\/\/nvnoticias.mx\/index.php\/wp-json\/wp\/v2\/comments?post=111991"}],"version-history":[{"count":1,"href":"https:\/\/nvnoticias.mx\/index.php\/wp-json\/wp\/v2\/posts\/111991\/revisions"}],"predecessor-version":[{"id":112006,"href":"https:\/\/nvnoticias.mx\/index.php\/wp-json\/wp\/v2\/posts\/111991\/revisions\/112006"}],"wp:featuredmedia":[{"embeddable":true,"href":"https:\/\/nvnoticias.mx\/index.php\/wp-json\/wp\/v2\/media\/112005"}],"wp:attachment":[{"href":"https:\/\/nvnoticias.mx\/index.php\/wp-json\/wp\/v2\/media?parent=111991"}],"wp:term":[{"taxonomy":"category","embeddable":true,"href":"https:\/\/nvnoticias.mx\/index.php\/wp-json\/wp\/v2\/categories?post=111991"},{"taxonomy":"post_tag","embeddable":true,"href":"https:\/\/nvnoticias.mx\/index.php\/wp-json\/wp\/v2\/tags?post=111991"}],"curies":[{"name":"wp","href":"https:\/\/api.w.org\/{rel}","templated":true}]}}