{"id":111856,"date":"2023-06-27T15:30:31","date_gmt":"2023-06-27T20:30:31","guid":{"rendered":"https:\/\/nvnoticias.mx\/?p=111856"},"modified":"2023-06-27T15:30:31","modified_gmt":"2023-06-27T20:30:31","slug":"reyes-de-la-diversidad-deberian-ser-incluidos-oficialmente-en-coronaciones-del-carnaval","status":"publish","type":"post","link":"https:\/\/nvnoticias.mx\/index.php\/2023\/06\/27\/reyes-de-la-diversidad-deberian-ser-incluidos-oficialmente-en-coronaciones-del-carnaval\/","title":{"rendered":"Reyes de la diversidad deber\u00edan ser incluidos oficialmente en coronaciones del Carnaval"},"content":{"rendered":"\n<p><strong>Jes\u00fas Utrilla \/ NV Noticias <\/strong><\/p>\n\n\n\n<p>Piden que se reconozca oficialmente a los reyes de la diversidad. Flypy Morales, presidenta de la organizaci\u00f3n Por un Veracruz Sin Discriminaci\u00f3n, consider\u00f3 necesario que ya sean incluidos oficialmente en coronaciones del Carnaval de Veracruz.<\/p>\n\n\n\n<p>Pidi\u00f3 que el comit\u00e9 organizador de las fiestas lleve a cabo acciones de inclusi\u00f3n verdadera.<\/p>\n\n\n\n<blockquote class=\"wp-block-quote is-layout-flow wp-block-quote-is-layout-flow\"><p><em>&#8220;Ese tema lo tienen que trabajar el comit\u00e9 del carnaval, nos hemos quedado atr\u00e1s en Veracruz Puerto, en Alvarado se coron\u00f3 a los reyes de la diversidad dentro de la misma coronaci\u00f3n y creo que as\u00ed debe de ser y creo que el comit\u00e9 de carnaval debe de tener esa visi\u00f3n de inclusi\u00f3n y que no se quede en un discurso donde se diga somos inclusivos, pero solo de palabra, de realidad yo creo que le falta mucho al comit\u00e9 del carnaval&#8221;.<\/em><\/p><\/blockquote>\n\n\n\n<p>Por otro lado, invit\u00f3 a a asistir a la coronaci\u00f3n de los reyes de la diversidad del Carnaval de Veracruz 2023.<\/p>\n\n\n\n<p>El evento se realizar\u00e1 el mi\u00e9rcoles 28 de junio en el sal\u00f3n de Reinas del Club de Leones,  ubicado en la avenida Sim\u00f3n Bol\u00edvar.<\/p>\n\n\n\n<blockquote class=\"wp-block-quote is-layout-flow wp-block-quote-is-layout-flow\"><p><em>&#8220;Los estamos invitando para que nos apoyen y a que asistan a las 19:00 horas, adem\u00e1s el 28 de junio es el d\u00eda del orgullo y para m\u00ed ser\u00e1 un placer que toda la familia, que toda la comunidad estemos ah\u00ed en un evento haciendo m\u00e1s visible los g\u00e9neros de la comunidad LGBT. Nosotros queremos que se llene el lugar y es para m\u00e1s de mil personas&#8221;<\/em><\/p><\/blockquote>\n\n\n\n<p>Realizar\u00e1 la r\u00e9plica del musical Lagunilla mi Barrio con actores de la comunidad LGBT. <\/p>\n","protected":false},"excerpt":{"rendered":"<p>Jes\u00fas Utrilla \/ NV Noticias Piden que se reconozca oficialmente a los reyes de la diversidad. Flypy Morales, presidenta de la organizaci\u00f3n Por un Veracruz Sin Discriminaci\u00f3n, consider\u00f3 necesario que ya sean incluidos oficialmente en coronaciones del Carnaval de Veracruz. Pidi\u00f3 que el comit\u00e9 organizador de las fiestas lleve a cabo acciones de inclusi\u00f3n verdadera. [&hellip;]<\/p>\n","protected":false},"author":8,"featured_media":111857,"comment_status":"open","ping_status":"open","sticky":false,"template":"","format":"standard","meta":{"_monsterinsights_skip_tracking":false,"_monsterinsights_sitenote_active":false,"_monsterinsights_sitenote_note":"","_monsterinsights_sitenote_category":0,"footnotes":""},"categories":[154],"tags":[1138,16535,3503,25999],"class_list":["post-111856","post","type-post","status-publish","format-standard","has-post-thumbnail","hentry","category-veracruz","tag-carnaval-de-veracruz","tag-coronacion","tag-inclusion","tag-reyes-de-la-diversidad","wp-image-borders"],"amp_enabled":true,"_links":{"self":[{"href":"https:\/\/nvnoticias.mx\/index.php\/wp-json\/wp\/v2\/posts\/111856","targetHints":{"allow":["GET"]}}],"collection":[{"href":"https:\/\/nvnoticias.mx\/index.php\/wp-json\/wp\/v2\/posts"}],"about":[{"href":"https:\/\/nvnoticias.mx\/index.php\/wp-json\/wp\/v2\/types\/post"}],"author":[{"embeddable":true,"href":"https:\/\/nvnoticias.mx\/index.php\/wp-json\/wp\/v2\/users\/8"}],"replies":[{"embeddable":true,"href":"https:\/\/nvnoticias.mx\/index.php\/wp-json\/wp\/v2\/comments?post=111856"}],"version-history":[{"count":1,"href":"https:\/\/nvnoticias.mx\/index.php\/wp-json\/wp\/v2\/posts\/111856\/revisions"}],"predecessor-version":[{"id":111858,"href":"https:\/\/nvnoticias.mx\/index.php\/wp-json\/wp\/v2\/posts\/111856\/revisions\/111858"}],"wp:featuredmedia":[{"embeddable":true,"href":"https:\/\/nvnoticias.mx\/index.php\/wp-json\/wp\/v2\/media\/111857"}],"wp:attachment":[{"href":"https:\/\/nvnoticias.mx\/index.php\/wp-json\/wp\/v2\/media?parent=111856"}],"wp:term":[{"taxonomy":"category","embeddable":true,"href":"https:\/\/nvnoticias.mx\/index.php\/wp-json\/wp\/v2\/categories?post=111856"},{"taxonomy":"post_tag","embeddable":true,"href":"https:\/\/nvnoticias.mx\/index.php\/wp-json\/wp\/v2\/tags?post=111856"}],"curies":[{"name":"wp","href":"https:\/\/api.w.org\/{rel}","templated":true}]}}