{"id":111851,"date":"2023-06-27T15:18:51","date_gmt":"2023-06-27T20:18:51","guid":{"rendered":"https:\/\/nvnoticias.mx\/?p=111851"},"modified":"2023-06-27T15:18:52","modified_gmt":"2023-06-27T20:18:52","slug":"anuncian-la-marcha-de-la-diversidad-lgbt-en-veracruz","status":"publish","type":"post","link":"https:\/\/nvnoticias.mx\/index.php\/2023\/06\/27\/anuncian-la-marcha-de-la-diversidad-lgbt-en-veracruz\/","title":{"rendered":"Anuncian la marcha de la Diversidad LGBT en Veracruz"},"content":{"rendered":"\n<p><strong>Jes\u00fas Utrilla \/ NV Noticias<\/strong><\/p>\n\n\n\n<p>Una vez que concluya el Carnaval de Veracruz, se llevar\u00e1 a cabo la marcha de la Diversidad LGBT, se\u00f1al\u00f3 Vianey Jefry, coordinadora general del evento. Dijo que ser\u00e1 el domingo 16 de julio, a las 16:00 horas partiendo de Ruiz Cortines y Bulevar Manuel \u00c1vila Camacho hasta la Plaza del Magisterio.<\/p>\n\n\n\n<p>Adem\u00e1s se realizar\u00e1 una semana cultural del martes 11 de julio al domingo 16 de julio y efectuar\u00e1n un homenaje post mortem a su fundador, Felipe Santiago.<\/p>\n\n\n\n<blockquote class=\"wp-block-quote is-layout-flow wp-block-quote-is-layout-flow\"><p>\u201cParticipan asociaciones civiles y activistas independientes, entonces venimos a invitar al p\u00fablico en general a que nos acompa\u00f1en a la marcha del orgullo\u201d. <\/p><\/blockquote>\n\n\n\n<p>Las actividades de la Semana Cultural de la Diversidad LGBT iniciar\u00e1n el martes 11 de julio con la presentaci\u00f3n de la puesta teatral \u201cFresa y Chocolate\u201d y el Taller de fortalecimiento para l\u00edderes LGBT, presentado por la asociaci\u00f3n civil \u201cCasa Veracruz\u201d.<\/p>\n\n\n\n<p>Para el mi\u00e9rcoles 12 de julio se realizar\u00e1 una jornada cultural en el Centro Cultural Casa Principal que incluye la ponencia \u201cM\u00e1s all\u00e1 del Arcoiris: La lucha por las libertades en el contexto hist\u00f3rico de las poblaciones DiverSex\u201d por parte de la asociaci\u00f3n civil \u201cSoy Humano\u201d y la inauguraci\u00f3n de una exposici\u00f3n colectiva \u201cJarochxs Diversxs\u201d, la cual permanecer\u00e1 abierta al p\u00fablico en general durante 2 semanas en dicho recinto y que es presentada por la Casa de Artes Phaskein.<\/p>\n\n\n\n<p>Para el jueves 13 de julio tendr\u00e1 lugar el conversatorio \u201cVivencias Trans y la Familia\u201d, presentada por Movimiento de Inclusi\u00f3n Trans (MOVIT); asimismo el viernes 14 de julio  la Comunidad Jarochos Alianza Para La Inclusi\u00f3n y La Indiscriminaci\u00f3n A.C presentar\u00e1 el Primer Fashion Model LGBTIQ+ en la playa del Foro Boca.<\/p>\n","protected":false},"excerpt":{"rendered":"<p>Jes\u00fas Utrilla \/ NV Noticias Una vez que concluya el Carnaval de Veracruz, se llevar\u00e1 a cabo la marcha de la Diversidad LGBT, se\u00f1al\u00f3 Vianey Jefry, coordinadora general del evento. Dijo que ser\u00e1 el domingo 16 de julio, a las 16:00 horas partiendo de Ruiz Cortines y Bulevar Manuel \u00c1vila Camacho hasta la Plaza del [&hellip;]<\/p>\n","protected":false},"author":8,"featured_media":111852,"comment_status":"open","ping_status":"open","sticky":false,"template":"","format":"standard","meta":{"_monsterinsights_skip_tracking":false,"_monsterinsights_sitenote_active":false,"_monsterinsights_sitenote_note":"","_monsterinsights_sitenote_category":0,"footnotes":""},"categories":[154],"tags":[25998,16349],"class_list":["post-111851","post","type-post","status-publish","format-standard","has-post-thumbnail","hentry","category-veracruz","tag-marcha-de-la-diversidad-lgbt","tag-marcha-del-orgullo","wp-image-borders"],"amp_enabled":true,"_links":{"self":[{"href":"https:\/\/nvnoticias.mx\/index.php\/wp-json\/wp\/v2\/posts\/111851","targetHints":{"allow":["GET"]}}],"collection":[{"href":"https:\/\/nvnoticias.mx\/index.php\/wp-json\/wp\/v2\/posts"}],"about":[{"href":"https:\/\/nvnoticias.mx\/index.php\/wp-json\/wp\/v2\/types\/post"}],"author":[{"embeddable":true,"href":"https:\/\/nvnoticias.mx\/index.php\/wp-json\/wp\/v2\/users\/8"}],"replies":[{"embeddable":true,"href":"https:\/\/nvnoticias.mx\/index.php\/wp-json\/wp\/v2\/comments?post=111851"}],"version-history":[{"count":1,"href":"https:\/\/nvnoticias.mx\/index.php\/wp-json\/wp\/v2\/posts\/111851\/revisions"}],"predecessor-version":[{"id":111853,"href":"https:\/\/nvnoticias.mx\/index.php\/wp-json\/wp\/v2\/posts\/111851\/revisions\/111853"}],"wp:featuredmedia":[{"embeddable":true,"href":"https:\/\/nvnoticias.mx\/index.php\/wp-json\/wp\/v2\/media\/111852"}],"wp:attachment":[{"href":"https:\/\/nvnoticias.mx\/index.php\/wp-json\/wp\/v2\/media?parent=111851"}],"wp:term":[{"taxonomy":"category","embeddable":true,"href":"https:\/\/nvnoticias.mx\/index.php\/wp-json\/wp\/v2\/categories?post=111851"},{"taxonomy":"post_tag","embeddable":true,"href":"https:\/\/nvnoticias.mx\/index.php\/wp-json\/wp\/v2\/tags?post=111851"}],"curies":[{"name":"wp","href":"https:\/\/api.w.org\/{rel}","templated":true}]}}