{"id":111802,"date":"2023-06-27T10:54:07","date_gmt":"2023-06-27T15:54:07","guid":{"rendered":"https:\/\/nvnoticias.mx\/?p=111802"},"modified":"2023-06-27T10:54:09","modified_gmt":"2023-06-27T15:54:09","slug":"revelan-las-detenciones-mas-relevantes-de-junio","status":"publish","type":"post","link":"https:\/\/nvnoticias.mx\/index.php\/2023\/06\/27\/revelan-las-detenciones-mas-relevantes-de-junio\/","title":{"rendered":"Revelan las detenciones m\u00e1s relevantes de junio"},"content":{"rendered":"\n<p>El subsecretario de Seguridad, Luis Rodr\u00edguez Bucio, present\u00f3 en su&nbsp;<strong>Informe Cero Impunidad,&nbsp;<\/strong>las siguientes detenciones efectuadas entre el 13 y 27 de junio del presente a\u00f1o:<\/p>\n\n\n\n<ul class=\"wp-block-list\"><li>La Fiscal\u00eda General de&nbsp;<strong>Veracruz<\/strong>&nbsp;cumpliment\u00f3 una orden de aprehensi\u00f3n contra&nbsp;Ang\u00e9lica \u201cN\u201d&nbsp;por los&nbsp;<strong>delitos cometidos contra la fe p\u00fablica y el servicio p\u00fablico&nbsp;<\/strong>cuando se desempe\u00f1aba como Jueza de Control del 18 Distrito Judicial de Cosamaloapan, Veracruz. La detenida decret\u00f3 la no vinculaci\u00f3n a proceso y la inmediata libertad de Itiel \u201cN\u201d, alias \u201cEl Compa Playa\u201d, quien contin\u00faa detenido acusado de doble homicidio.<\/li><li>La Fiscal\u00eda General de<strong>&nbsp;Nayarit&nbsp;<\/strong>cumpliment\u00f3 una orden de aprehensi\u00f3n contra<strong>&nbsp;Florencio \u201cN\u201d<\/strong>&nbsp;por los delitos de&nbsp;<strong>abandono y ejercicio indebido de funciones<\/strong>, peculado, tr\u00e1fico de influencias, asociaci\u00f3n delictuosa y administraci\u00f3n fraudulenta cometidos contra la Secretar\u00eda de Administraci\u00f3n y Finanzas del estado durante la administraci\u00f3n de Ney Gonz\u00e1lez S\u00e1nchez (2005-2011).<\/li><li>Saulo \u201cN\u201d y Juan Manuel \u201cN\u201d,&nbsp;<strong>polic\u00edas municipales de Ciudad Ju\u00e1rez<\/strong>, fueron vinculados a proceso por el delito de secuestro agravado en contra de dos personas cuando llegaron al aeropuerto de la ciudad el pasado 9 de mayo.<\/li><li>La Fiscal\u00eda General de Justicia del&nbsp;<strong>Estado de M\u00e9xico<\/strong>&nbsp;logr\u00f3 detener a&nbsp;<strong>C\u00e9sar \u201cN\u201d<\/strong>, alias \u201cBlanco\u201d, por el delito de&nbsp;<strong>extorsi\u00f3n agravada contra transportistas<\/strong>&nbsp;de Coatepec, Harinas. Tambi\u00e9n es se\u00f1alado de suministrar armas de fuego a integrantes de la Familia Michoacana y de atacar a agentes de la fiscal\u00eda estatal.<\/li><\/ul>\n\n\n\n<p>Fuente: <a href=\"https:\/\/www.elfinanciero.com.mx\/nacional\/2023\/06\/27\/amlo-mananera-temas-hoy-27-junio-2023-en-vivo\/\" data-type=\"URL\" data-id=\"https:\/\/www.elfinanciero.com.mx\/nacional\/2023\/06\/27\/amlo-mananera-temas-hoy-27-junio-2023-en-vivo\/\">El Financiero<\/a> <\/p>\n","protected":false},"excerpt":{"rendered":"<p>El subsecretario de Seguridad, Luis Rodr\u00edguez Bucio, present\u00f3 en su&nbsp;Informe Cero Impunidad,&nbsp;las siguientes detenciones efectuadas entre el 13 y 27 de junio del presente a\u00f1o: La Fiscal\u00eda General de&nbsp;Veracruz&nbsp;cumpliment\u00f3 una orden de aprehensi\u00f3n contra&nbsp;Ang\u00e9lica \u201cN\u201d&nbsp;por los&nbsp;delitos cometidos contra la fe p\u00fablica y el servicio p\u00fablico&nbsp;cuando se desempe\u00f1aba como Jueza de Control del 18 Distrito Judicial [&hellip;]<\/p>\n","protected":false},"author":35,"featured_media":47627,"comment_status":"open","ping_status":"open","sticky":false,"template":"","format":"standard","meta":{"_monsterinsights_skip_tracking":false,"_monsterinsights_sitenote_active":false,"_monsterinsights_sitenote_note":"","_monsterinsights_sitenote_category":0,"footnotes":""},"categories":[157],"tags":[2894,3858,25991,7595],"class_list":["post-111802","post","type-post","status-publish","format-standard","has-post-thumbnail","hentry","category-nacional","tag-detenciones","tag-junio","tag-relevantes","tag-revelan","wp-image-borders"],"amp_enabled":true,"_links":{"self":[{"href":"https:\/\/nvnoticias.mx\/index.php\/wp-json\/wp\/v2\/posts\/111802","targetHints":{"allow":["GET"]}}],"collection":[{"href":"https:\/\/nvnoticias.mx\/index.php\/wp-json\/wp\/v2\/posts"}],"about":[{"href":"https:\/\/nvnoticias.mx\/index.php\/wp-json\/wp\/v2\/types\/post"}],"author":[{"embeddable":true,"href":"https:\/\/nvnoticias.mx\/index.php\/wp-json\/wp\/v2\/users\/35"}],"replies":[{"embeddable":true,"href":"https:\/\/nvnoticias.mx\/index.php\/wp-json\/wp\/v2\/comments?post=111802"}],"version-history":[{"count":3,"href":"https:\/\/nvnoticias.mx\/index.php\/wp-json\/wp\/v2\/posts\/111802\/revisions"}],"predecessor-version":[{"id":111805,"href":"https:\/\/nvnoticias.mx\/index.php\/wp-json\/wp\/v2\/posts\/111802\/revisions\/111805"}],"wp:featuredmedia":[{"embeddable":true,"href":"https:\/\/nvnoticias.mx\/index.php\/wp-json\/wp\/v2\/media\/47627"}],"wp:attachment":[{"href":"https:\/\/nvnoticias.mx\/index.php\/wp-json\/wp\/v2\/media?parent=111802"}],"wp:term":[{"taxonomy":"category","embeddable":true,"href":"https:\/\/nvnoticias.mx\/index.php\/wp-json\/wp\/v2\/categories?post=111802"},{"taxonomy":"post_tag","embeddable":true,"href":"https:\/\/nvnoticias.mx\/index.php\/wp-json\/wp\/v2\/tags?post=111802"}],"curies":[{"name":"wp","href":"https:\/\/api.w.org\/{rel}","templated":true}]}}