{"id":111745,"date":"2023-06-26T14:57:37","date_gmt":"2023-06-26T19:57:37","guid":{"rendered":"https:\/\/nvnoticias.mx\/?p=111745"},"modified":"2023-06-26T14:57:38","modified_gmt":"2023-06-26T19:57:38","slug":"niega-joe-biden-sospechas-de-rusia-sobre-rebelion-de-wagner","status":"publish","type":"post","link":"https:\/\/nvnoticias.mx\/index.php\/2023\/06\/26\/niega-joe-biden-sospechas-de-rusia-sobre-rebelion-de-wagner\/","title":{"rendered":"Niega Joe Biden sospechas de Rusia sobre rebeli\u00f3n de Wagner"},"content":{"rendered":"\n<p>Los occidentales &#8220;no tuvimos nada que ver&#8221; con la fallida rebeli\u00f3n del jefe del grupo Wagner en Rusia este fin de semana, afirm\u00f3 el presidente estadunidense Joe Biden.<\/p>\n\n\n\n<blockquote class=\"wp-block-quote is-layout-flow wp-block-quote-is-layout-flow\"><p>&#8220;Convoqu\u00e9 a nuestros aliados clave en una llamada de Zoom&#8221;, declar\u00f3 Biden a periodistas.<br><\/p><\/blockquote>\n\n\n\n<blockquote class=\"wp-block-quote is-layout-flow wp-block-quote-is-layout-flow\"><p>&#8220;Coincidimos en que ten\u00edamos que asegurarnos de no dar a Putin ninguna excusa (\u2026) para culpar de ello a Occidente y para culpar de ello a la OTAN. Dejamos claro que no est\u00e1bamos involucrados. No tuvimos nada que ver, era un problema dentro del sistema ruso&#8221;, afirm\u00f3.<br><\/p><\/blockquote>\n\n\n\n<p>Biden, en contraste, dijo estar en contacto con el presidente ucraniano Volodimir Zelensky, para garantizarle el apoyo de su pa\u00eds.<\/p>\n\n\n\n<blockquote class=\"wp-block-quote is-layout-flow wp-block-quote-is-layout-flow\"><p>&#8220;Para mantener nuestra coordinaci\u00f3n hablar\u00e9 con los jefes de Estado (\u2026) me asegurar\u00e9 de que estamos de acuerdo&#8221;, afirm\u00f3 el presidente, para quien es &#8220;demasiado pronto&#8221; para sacar conclusiones sobre lo ocurrido.<br><\/p><\/blockquote>\n\n\n\n<p>Durante 24 horas, las fuerzas de Yevgueni Prigozhin, el jefe del grupo paramilitar Wagner, se apoderaron de varias instalaciones militares de la ciudad estrat\u00e9gica de Rostov del Don, en el suroeste de Rusia, y recorrieron 600 km en direcci\u00f3n a Mosc\u00fa.<\/p>\n\n\n\n<p>Fuente:<a href=\"https:\/\/www.milenio.com\/internacional\/joe-biden-niega-sospechas-rusia-rebelion-wagner\" data-type=\"URL\" data-id=\"https:\/\/www.milenio.com\/internacional\/joe-biden-niega-sospechas-rusia-rebelion-wagner\"> Milenio<\/a><\/p>\n","protected":false},"excerpt":{"rendered":"<p>Los occidentales &#8220;no tuvimos nada que ver&#8221; con la fallida rebeli\u00f3n del jefe del grupo Wagner en Rusia este fin de semana, afirm\u00f3 el presidente estadunidense Joe Biden. &#8220;Convoqu\u00e9 a nuestros aliados clave en una llamada de Zoom&#8221;, declar\u00f3 Biden a periodistas. &#8220;Coincidimos en que ten\u00edamos que asegurarnos de no dar a Putin ninguna excusa [&hellip;]<\/p>\n","protected":false},"author":35,"featured_media":20901,"comment_status":"open","ping_status":"open","sticky":false,"template":"","format":"standard","meta":{"_monsterinsights_skip_tracking":false,"_monsterinsights_sitenote_active":false,"_monsterinsights_sitenote_note":"","_monsterinsights_sitenote_category":0,"footnotes":""},"categories":[181],"tags":[182,7927,19733,537,22874],"class_list":["post-111745","post","type-post","status-publish","format-standard","has-post-thumbnail","hentry","category-internacional","tag-joe-biden","tag-niega","tag-rebelion","tag-rusia","tag-wagner","wp-image-borders"],"amp_enabled":true,"_links":{"self":[{"href":"https:\/\/nvnoticias.mx\/index.php\/wp-json\/wp\/v2\/posts\/111745","targetHints":{"allow":["GET"]}}],"collection":[{"href":"https:\/\/nvnoticias.mx\/index.php\/wp-json\/wp\/v2\/posts"}],"about":[{"href":"https:\/\/nvnoticias.mx\/index.php\/wp-json\/wp\/v2\/types\/post"}],"author":[{"embeddable":true,"href":"https:\/\/nvnoticias.mx\/index.php\/wp-json\/wp\/v2\/users\/35"}],"replies":[{"embeddable":true,"href":"https:\/\/nvnoticias.mx\/index.php\/wp-json\/wp\/v2\/comments?post=111745"}],"version-history":[{"count":1,"href":"https:\/\/nvnoticias.mx\/index.php\/wp-json\/wp\/v2\/posts\/111745\/revisions"}],"predecessor-version":[{"id":111746,"href":"https:\/\/nvnoticias.mx\/index.php\/wp-json\/wp\/v2\/posts\/111745\/revisions\/111746"}],"wp:featuredmedia":[{"embeddable":true,"href":"https:\/\/nvnoticias.mx\/index.php\/wp-json\/wp\/v2\/media\/20901"}],"wp:attachment":[{"href":"https:\/\/nvnoticias.mx\/index.php\/wp-json\/wp\/v2\/media?parent=111745"}],"wp:term":[{"taxonomy":"category","embeddable":true,"href":"https:\/\/nvnoticias.mx\/index.php\/wp-json\/wp\/v2\/categories?post=111745"},{"taxonomy":"post_tag","embeddable":true,"href":"https:\/\/nvnoticias.mx\/index.php\/wp-json\/wp\/v2\/tags?post=111745"}],"curies":[{"name":"wp","href":"https:\/\/api.w.org\/{rel}","templated":true}]}}