{"id":111726,"date":"2023-06-26T14:20:42","date_gmt":"2023-06-26T19:20:42","guid":{"rendered":"https:\/\/nvnoticias.mx\/?p=111726"},"modified":"2023-06-26T14:54:14","modified_gmt":"2023-06-26T19:54:14","slug":"anuncia-va-por-mexico-metodo-para-elegir-a-su-candidato-presidencial-2024","status":"publish","type":"post","link":"https:\/\/nvnoticias.mx\/index.php\/2023\/06\/26\/anuncia-va-por-mexico-metodo-para-elegir-a-su-candidato-presidencial-2024\/","title":{"rendered":"Anuncia &#8216;Va por M\u00e9xico&#8217; m\u00e9todo para elegir a su candidato presidencial 2024"},"content":{"rendered":"\n<p><br>Las dirigencias nacionales de los partidos Acci\u00f3n Nacional (PAN), Revolucionario Institucional (PRI) y de la Revoluci\u00f3n Democr\u00e1tica (PRD) revelaron el m\u00e9todo para elegir a la persona que ser\u00e1 candidata presidencial en 2024 para la coalici\u00f3n Va por M\u00e9xico.<\/p>\n\n\n\n<p>A ra\u00edz de este anuncio, algunos aspirantes a la candidatura presidencial definir\u00e1n si continuan con dicha intenci\u00f3n, como X\u00f3chitl G\u00e1lvez.<br><\/p>\n\n\n\n<p>Germ\u00e1n Mart\u00ednez, senador del Grupo Plural, quien anunci\u00f3 sus intenciones de buscar la candidatura por la v\u00eda independencia, declin\u00f3 a su aspiraci\u00f3n; sin embargo, sostuvo que apoyar\u00e1 a quien la oposici\u00f3n designe.<\/p>\n\n\n\n<p>Marko Cort\u00e9s indic\u00f3 que la consulta para elegir al candidato presidencial para 2024 ser\u00e1 abierta para todos los mexicanos y que &#8220;no habr\u00e1 invitados de primera, no son invitados VIP como ocurre en donde ya saben d\u00f3nde&#8221;.<\/p>\n\n\n\n<blockquote class=\"wp-block-quote is-layout-flow wp-block-quote-is-layout-flow\"><p>&#8220;Nosotros s\u00ed consultaremos a la sociedad. Ac\u00e1 podr\u00e1n participar todos todos los que quieran elegir al responsable para construir el frente, todos quienes vean que las cosas en M\u00e9xico van de mal en peor y quieren corregir el rumbo, ac\u00e1 no hay invitados de primera no son invitados VIP como ocurren ya saben d\u00f3nde aqu\u00ed construir el frente podr\u00e1n participar aqu\u00ed ser\u00e1 un proceso con reglas claras un proceso abierto e imparcial donde la gente decide a quien quiera&#8221;.<br><\/p><\/blockquote>\n\n\n\n<p>En diciembre se prev\u00e9 que Movimiento Ciudadano anuncie a qui\u00e9n ser\u00e1 su candidato presidencial para 2024, mientras que Morena lo har\u00e1 el 6 de septiembre tras realizar una encuesta.<\/p>\n\n\n\n<p>La coalici\u00f3n &#8216;Va por M\u00e9xico&#8217; revel\u00f3 que los aspirantes a la candidatura presidencial ser\u00e1n elegidos mediante un ejercicio ciudadano a trav\u00e9s de un programa comit\u00e9 organizador y un observatorio para dar seguimiento y cumplimiento de quien ser\u00e1 el responsable nacional para la construcci\u00f3n del Frente Amplio por M\u00e9xico.<\/p>\n\n\n\n<p>Primera Etapa<\/p>\n\n\n\n<ol class=\"wp-block-list\"><li>Registro de ciudadanos 4 de julio, deben ser respaldados a trav\u00e9s de app.<br><\/li><li>Qui\u00e9nes cumplieron con requisitos pasar\u00e1n a etapa dos.<br><\/li><\/ol>\n\n\n\n<p>Segunda Etapa<\/p>\n\n\n\n<ol class=\"wp-block-list\"><li>Se realizar\u00e1 foro para discutir temas sobre M\u00e9xico.<br><\/li><li>Estudios de opini\u00f3n p\u00fablica para elegir a tres personas con mayor respaldo.\u00bf<br><\/li><\/ol>\n\n\n\n<p>Tercera Etapa<\/p>\n\n\n\n<ol class=\"wp-block-list\"><li>Cinco foros regionales de los tres finalistas.<br><\/li><li>Se realizar\u00e1n nuevos estudios de opini\u00f3n p\u00fablica: 3 de septiembre se publicar\u00e1n resultados y ese mismo d\u00eda se har\u00e1 una consulta.<\/li><li>Resultados finales de ambos (estudio y consulta) se dar\u00e1n a conocer despu\u00e9s, ambas tendr\u00e1n el mismo valor.<br><\/li><\/ol>\n\n\n\n<p>Fuente: <a href=\"https:\/\/www.milenio.com\/politica\/elecciones\/pan-pri-prd-anuncia-elegiran-candidato-presidencial-en-vivo\" data-type=\"URL\" data-id=\"https:\/\/www.milenio.com\/politica\/elecciones\/pan-pri-prd-anuncia-elegiran-candidato-presidencial-en-vivo\">Milenio<\/a><\/p>\n","protected":false},"excerpt":{"rendered":"<p>Las dirigencias nacionales de los partidos Acci\u00f3n Nacional (PAN), Revolucionario Institucional (PRI) y de la Revoluci\u00f3n Democr\u00e1tica (PRD) revelaron el m\u00e9todo para elegir a la persona que ser\u00e1 candidata presidencial en 2024 para la coalici\u00f3n Va por M\u00e9xico. A ra\u00edz de este anuncio, algunos aspirantes a la candidatura presidencial definir\u00e1n si continuan con dicha intenci\u00f3n, [&hellip;]<\/p>\n","protected":false},"author":35,"featured_media":33859,"comment_status":"open","ping_status":"open","sticky":false,"template":"","format":"standard","meta":{"_monsterinsights_skip_tracking":false,"_monsterinsights_sitenote_active":false,"_monsterinsights_sitenote_note":"","_monsterinsights_sitenote_category":0,"footnotes":""},"categories":[158],"tags":[7791,2023,18834,21798,162,6350,794],"class_list":["post-111726","post","type-post","status-publish","format-standard","has-post-thumbnail","hentry","category-politica","tag-anuncia","tag-candidato","tag-elegir","tag-metodo","tag-portada","tag-presidencial","tag-va-por-mexico","wp-image-borders"],"amp_enabled":true,"_links":{"self":[{"href":"https:\/\/nvnoticias.mx\/index.php\/wp-json\/wp\/v2\/posts\/111726","targetHints":{"allow":["GET"]}}],"collection":[{"href":"https:\/\/nvnoticias.mx\/index.php\/wp-json\/wp\/v2\/posts"}],"about":[{"href":"https:\/\/nvnoticias.mx\/index.php\/wp-json\/wp\/v2\/types\/post"}],"author":[{"embeddable":true,"href":"https:\/\/nvnoticias.mx\/index.php\/wp-json\/wp\/v2\/users\/35"}],"replies":[{"embeddable":true,"href":"https:\/\/nvnoticias.mx\/index.php\/wp-json\/wp\/v2\/comments?post=111726"}],"version-history":[{"count":1,"href":"https:\/\/nvnoticias.mx\/index.php\/wp-json\/wp\/v2\/posts\/111726\/revisions"}],"predecessor-version":[{"id":111727,"href":"https:\/\/nvnoticias.mx\/index.php\/wp-json\/wp\/v2\/posts\/111726\/revisions\/111727"}],"wp:featuredmedia":[{"embeddable":true,"href":"https:\/\/nvnoticias.mx\/index.php\/wp-json\/wp\/v2\/media\/33859"}],"wp:attachment":[{"href":"https:\/\/nvnoticias.mx\/index.php\/wp-json\/wp\/v2\/media?parent=111726"}],"wp:term":[{"taxonomy":"category","embeddable":true,"href":"https:\/\/nvnoticias.mx\/index.php\/wp-json\/wp\/v2\/categories?post=111726"},{"taxonomy":"post_tag","embeddable":true,"href":"https:\/\/nvnoticias.mx\/index.php\/wp-json\/wp\/v2\/tags?post=111726"}],"curies":[{"name":"wp","href":"https:\/\/api.w.org\/{rel}","templated":true}]}}