{"id":111696,"date":"2023-06-26T12:38:07","date_gmt":"2023-06-26T17:38:07","guid":{"rendered":"https:\/\/nvnoticias.mx\/?p=111696"},"modified":"2023-06-26T12:38:09","modified_gmt":"2023-06-26T17:38:09","slug":"se-manifiesta-la-amotac-frente-a-la-guardia-nacional-en-veracruz","status":"publish","type":"post","link":"https:\/\/nvnoticias.mx\/index.php\/2023\/06\/26\/se-manifiesta-la-amotac-frente-a-la-guardia-nacional-en-veracruz\/","title":{"rendered":"Se manifiesta la Amotac frente a la Guardia Nacional en Veracruz"},"content":{"rendered":"\n<p><strong>Jes\u00fas Utrilla \/ NV Noticias<\/strong><\/p>\n\n\n\n<p>Veracruz, Ver. Transportistas de la Alianza Mexicana de Organizaciones Transportistas AC (AMOTAC) llevaron a cabo una manifestaci\u00f3n en la carretera libre federal Veracruz-Xalapa, frente a las instalaciones de la Guardia Nacional (GN), para expresar su descontento por supuestos abusos por parte de los miembros de esa instituci\u00f3n federal.<\/p>\n\n\n\n<p>Valent\u00edn Romero Trujillo, delegado de la zona centro de la Alianza Mexicana de Transportistas, acus\u00f3 que la Guardia Nacional ha estado m\u00e1s enfocada en buscar infracciones por parte de los transportistas en lugar de garantizar la seguridad en las carreteras.<\/p>\n\n\n\n<p>Los transportistas exigen que los elementos de seguridad dejen de pedir sobornos debajo de puentes o en curvas. Denuncian que la Guardia Nacional est\u00e1 cometiendo los mismos actos de corrupci\u00f3n que sol\u00eda llevar a cabo la extinta Polic\u00eda Federal de Caminos.<\/p>\n\n\n\n<blockquote class=\"wp-block-quote is-layout-flow wp-block-quote-is-layout-flow\"><p><em>&#8220;Nuestro presidente nos asign\u00f3 a la Guardia Nacional para proteger las carreteras y la seguridad de todos los ciudadanos y transportistas. Necesitamos que vigilen nuestras carreteras contra la delincuencia, pero en cambio han ca\u00eddo en pr\u00e1cticas extorsivas, cobrando tarifas en las carreteras tipo C, algo que sol\u00eda hacer la Polic\u00eda Federal de Caminos. Ahora es la Guardia Nacional quien exige dinero a los transportistas&#8221;.<\/em><\/p><\/blockquote>\n\n\n\n<p>Los transportistas expresan su cansancio ante reuniones en las que se llegan a acuerdos que no se cumplen. <\/p>\n\n\n\n<p>Adem\u00e1s, se han registrado protestas similares en las zonas de C\u00f3rdoba y Xalapa.<\/p>\n","protected":false},"excerpt":{"rendered":"<p>Jes\u00fas Utrilla \/ NV Noticias Veracruz, Ver. Transportistas de la Alianza Mexicana de Organizaciones Transportistas AC (AMOTAC) llevaron a cabo una manifestaci\u00f3n en la carretera libre federal Veracruz-Xalapa, frente a las instalaciones de la Guardia Nacional (GN), para expresar su descontento por supuestos abusos por parte de los miembros de esa instituci\u00f3n federal. Valent\u00edn Romero [&hellip;]<\/p>\n","protected":false},"author":8,"featured_media":111697,"comment_status":"open","ping_status":"open","sticky":false,"template":"","format":"standard","meta":{"_monsterinsights_skip_tracking":false,"_monsterinsights_sitenote_active":false,"_monsterinsights_sitenote_note":"","_monsterinsights_sitenote_category":0,"footnotes":""},"categories":[154],"tags":[1824,503,162,180],"class_list":["post-111696","post","type-post","status-publish","format-standard","has-post-thumbnail","hentry","category-veracruz","tag-amotac","tag-manifestacion","tag-portada","tag-veracruz","wp-image-borders"],"amp_enabled":true,"_links":{"self":[{"href":"https:\/\/nvnoticias.mx\/index.php\/wp-json\/wp\/v2\/posts\/111696","targetHints":{"allow":["GET"]}}],"collection":[{"href":"https:\/\/nvnoticias.mx\/index.php\/wp-json\/wp\/v2\/posts"}],"about":[{"href":"https:\/\/nvnoticias.mx\/index.php\/wp-json\/wp\/v2\/types\/post"}],"author":[{"embeddable":true,"href":"https:\/\/nvnoticias.mx\/index.php\/wp-json\/wp\/v2\/users\/8"}],"replies":[{"embeddable":true,"href":"https:\/\/nvnoticias.mx\/index.php\/wp-json\/wp\/v2\/comments?post=111696"}],"version-history":[{"count":1,"href":"https:\/\/nvnoticias.mx\/index.php\/wp-json\/wp\/v2\/posts\/111696\/revisions"}],"predecessor-version":[{"id":111698,"href":"https:\/\/nvnoticias.mx\/index.php\/wp-json\/wp\/v2\/posts\/111696\/revisions\/111698"}],"wp:featuredmedia":[{"embeddable":true,"href":"https:\/\/nvnoticias.mx\/index.php\/wp-json\/wp\/v2\/media\/111697"}],"wp:attachment":[{"href":"https:\/\/nvnoticias.mx\/index.php\/wp-json\/wp\/v2\/media?parent=111696"}],"wp:term":[{"taxonomy":"category","embeddable":true,"href":"https:\/\/nvnoticias.mx\/index.php\/wp-json\/wp\/v2\/categories?post=111696"},{"taxonomy":"post_tag","embeddable":true,"href":"https:\/\/nvnoticias.mx\/index.php\/wp-json\/wp\/v2\/tags?post=111696"}],"curies":[{"name":"wp","href":"https:\/\/api.w.org\/{rel}","templated":true}]}}