{"id":111684,"date":"2023-06-26T11:39:00","date_gmt":"2023-06-26T16:39:00","guid":{"rendered":"https:\/\/nvnoticias.mx\/?p=111684"},"modified":"2023-06-26T11:39:01","modified_gmt":"2023-06-26T16:39:01","slug":"invierten-10-mdp-en-la-rehabilitacion-de-la-unidad-deportiva-hugo-sanchez","status":"publish","type":"post","link":"https:\/\/nvnoticias.mx\/index.php\/2023\/06\/26\/invierten-10-mdp-en-la-rehabilitacion-de-la-unidad-deportiva-hugo-sanchez\/","title":{"rendered":"Invierten 10 mdp en la rehabilitaci\u00f3n de la Unidad Deportiva Hugo S\u00e1nchez"},"content":{"rendered":"\n<p><strong>Jes\u00fas Utrilla \/ NV Noticias<\/strong><\/p>\n\n\n\n<p>Inici\u00f3 la rehabilitaci\u00f3n de la unidad deportiva Hugo S\u00e1nchez, actualmente se atienden los vestidores, el gimnasio, centro de rehabilitaci\u00f3n, entre otras \u00e1reas.<\/p>\n\n\n\n<p>El alcalde aclar\u00f3 que no suspender\u00e1n ninguna disciplina de la unidad deportiva, por el contrario seguir\u00e1 contando con todo lo indispensable para que los deportistas realicen sus actividades.<\/p>\n\n\n\n<blockquote class=\"wp-block-quote is-layout-flow wp-block-quote-is-layout-flow\"><p>\u201c<em>El campo de f\u00fatbol y estas \u00e1reas estar\u00e1n cerradas hasta finales de julio para que se encuentre en perfectas condiciones y las gradas, vestidores y gimnasio est\u00e9n bien. Ser\u00e1 gratuito, como lo ha sido. Han dicho que se privatizar\u00e1 y se cobrar\u00e1 ingreso, pero es falso seguir\u00e1 siendo gratis el uso de las instalaciones<\/em>\u201d.\u00a0<\/p><\/blockquote>\n\n\n\n<p>Tambi\u00e9n se mejorar\u00e1 el drenaje, se colocar\u00e1 pasto aprobado por la FIFA y se intervendr\u00e1 la pista para que sea nueva. Se intervendr\u00e1 la cancha de usos multiples, se renovar\u00e1n aires acondicionados y la fachada. A finales de julio quedar\u00e1n listos los trabajos.<\/p>\n\n\n\n<p>Para la segunda etapa se pedir\u00e1 el apoyo de la federaci\u00f3n para intervenirla de manera integral. Para la primera fase se invertir\u00e1n 10 millones de pesos, el 80 por ciento es inversi\u00f3n privada. Por el momento la pista est\u00e1 abierta de 5:30 a 9:30 de la ma\u00f1ana y de 4 a 7 de la tarde. En septiembre se llevar\u00e1 a cabo el triatl\u00f3n en el que se esperan m\u00e1s de 4 mil atletas.<\/p>\n\n\n\n<blockquote class=\"wp-block-quote is-layout-flow wp-block-quote-is-layout-flow\"><p>\u201c<em>He sido un presidente municipal que ha apoyado a los atletas y el deporte desde el d\u00eda uno no solo con la rehabilitaci\u00f3n de los centros deportivos sino con uniformes, apoyo para viajes, autobuses, equipo y lo seguiremos haciendo<\/em>\u201d.<\/p><\/blockquote>\n\n\n\n<p>Por otro lado, afirm\u00f3 que el municipio se encuentra preparado para afrontar la temporada de lluvias y prevenir anegaciones y afectaciones en la ciudad.<\/p>\n","protected":false},"excerpt":{"rendered":"<p>Jes\u00fas Utrilla \/ NV Noticias Inici\u00f3 la rehabilitaci\u00f3n de la unidad deportiva Hugo S\u00e1nchez, actualmente se atienden los vestidores, el gimnasio, centro de rehabilitaci\u00f3n, entre otras \u00e1reas. El alcalde aclar\u00f3 que no suspender\u00e1n ninguna disciplina de la unidad deportiva, por el contrario seguir\u00e1 contando con todo lo indispensable para que los deportistas realicen sus actividades. [&hellip;]<\/p>\n","protected":false},"author":8,"featured_media":111686,"comment_status":"open","ping_status":"open","sticky":false,"template":"","format":"standard","meta":{"_monsterinsights_skip_tracking":false,"_monsterinsights_sitenote_active":false,"_monsterinsights_sitenote_note":"","_monsterinsights_sitenote_category":0,"footnotes":""},"categories":[154],"tags":[367,25968],"class_list":["post-111684","post","type-post","status-publish","format-standard","has-post-thumbnail","hentry","category-veracruz","tag-rehabilitacion","tag-unidad-deportiva-hugo-sanchez","wp-image-borders"],"amp_enabled":true,"_links":{"self":[{"href":"https:\/\/nvnoticias.mx\/index.php\/wp-json\/wp\/v2\/posts\/111684","targetHints":{"allow":["GET"]}}],"collection":[{"href":"https:\/\/nvnoticias.mx\/index.php\/wp-json\/wp\/v2\/posts"}],"about":[{"href":"https:\/\/nvnoticias.mx\/index.php\/wp-json\/wp\/v2\/types\/post"}],"author":[{"embeddable":true,"href":"https:\/\/nvnoticias.mx\/index.php\/wp-json\/wp\/v2\/users\/8"}],"replies":[{"embeddable":true,"href":"https:\/\/nvnoticias.mx\/index.php\/wp-json\/wp\/v2\/comments?post=111684"}],"version-history":[{"count":1,"href":"https:\/\/nvnoticias.mx\/index.php\/wp-json\/wp\/v2\/posts\/111684\/revisions"}],"predecessor-version":[{"id":111687,"href":"https:\/\/nvnoticias.mx\/index.php\/wp-json\/wp\/v2\/posts\/111684\/revisions\/111687"}],"wp:featuredmedia":[{"embeddable":true,"href":"https:\/\/nvnoticias.mx\/index.php\/wp-json\/wp\/v2\/media\/111686"}],"wp:attachment":[{"href":"https:\/\/nvnoticias.mx\/index.php\/wp-json\/wp\/v2\/media?parent=111684"}],"wp:term":[{"taxonomy":"category","embeddable":true,"href":"https:\/\/nvnoticias.mx\/index.php\/wp-json\/wp\/v2\/categories?post=111684"},{"taxonomy":"post_tag","embeddable":true,"href":"https:\/\/nvnoticias.mx\/index.php\/wp-json\/wp\/v2\/tags?post=111684"}],"curies":[{"name":"wp","href":"https:\/\/api.w.org\/{rel}","templated":true}]}}