{"id":111661,"date":"2023-06-26T10:44:44","date_gmt":"2023-06-26T15:44:44","guid":{"rendered":"https:\/\/nvnoticias.mx\/?p=111661"},"modified":"2023-06-26T10:44:46","modified_gmt":"2023-06-26T15:44:46","slug":"opina-amlo-sobre-el-proceso-de-seleccion-de-candidatos-de-va-por-mexico","status":"publish","type":"post","link":"https:\/\/nvnoticias.mx\/index.php\/2023\/06\/26\/opina-amlo-sobre-el-proceso-de-seleccion-de-candidatos-de-va-por-mexico\/","title":{"rendered":"Opina AMLO sobre el proceso de selecci\u00f3n de candidatos de Va Por M\u00e9xico"},"content":{"rendered":"\n<p>El presidente Andr\u00e9s Manuel L\u00f3pez Obrador asegur\u00f3 que la\u00a0definici\u00f3n del m\u00e9todo de selecci\u00f3n de candidato presidencial de la Alianza Va Por M\u00e9xico\u00a0es una\u00a0<strong>simulaci\u00f3n\u00a0<\/strong>y un proceso que tiene que ver con la \u201celite del poder econ\u00f3mico y pol\u00edtico\u201d.<\/p>\n\n\n\n<blockquote class=\"wp-block-quote is-layout-flow wp-block-quote-is-layout-flow\"><p>\u201c<strong>Se est\u00e1n poniendo de acuerdo arriba<\/strong>,\u00a0<strong>la oligarqu\u00eda corrupta<\/strong>, saqueadora,\u00a0<strong>para tener un candidato y regresar por sus fueros<\/strong>. No tiene un programa, nada, lo que quieren es seguir robando, porque no tienen llenadera\u201d, asegur\u00f3 AMLO en Palacio Nacional.<\/p><\/blockquote>\n\n\n\n<blockquote class=\"wp-block-quote is-layout-flow wp-block-quote-is-layout-flow\"><p>\u201cIndependientemente de qui\u00e9n sea, sabemos que lo que quieren es seguir robando, ignorando y humillando al pueblo\u201d, a\u00f1adi\u00f3.<\/p><\/blockquote>\n\n\n\n<p>Fuente:<a href=\"https:\/\/www.elfinanciero.com.mx\/nacional\/2023\/06\/26\/amlo-mananera-temas-hoy-26-junio-2023-en-vivo\/?outputType=amp\" data-type=\"URL\" data-id=\"https:\/\/www.elfinanciero.com.mx\/nacional\/2023\/06\/26\/amlo-mananera-temas-hoy-26-junio-2023-en-vivo\/?outputType=amp\"> El Financiero<\/a> <\/p>\n","protected":false},"excerpt":{"rendered":"<p>El presidente Andr\u00e9s Manuel L\u00f3pez Obrador asegur\u00f3 que la\u00a0definici\u00f3n del m\u00e9todo de selecci\u00f3n de candidato presidencial de la Alianza Va Por M\u00e9xico\u00a0es una\u00a0simulaci\u00f3n\u00a0y un proceso que tiene que ver con la \u201celite del poder econ\u00f3mico y pol\u00edtico\u201d. \u201cSe est\u00e1n poniendo de acuerdo arriba,\u00a0la oligarqu\u00eda corrupta, saqueadora,\u00a0para tener un candidato y regresar por sus fueros. No [&hellip;]<\/p>\n","protected":false},"author":35,"featured_media":34042,"comment_status":"open","ping_status":"open","sticky":false,"template":"","format":"standard","meta":{"_monsterinsights_skip_tracking":false,"_monsterinsights_sitenote_active":false,"_monsterinsights_sitenote_note":"","_monsterinsights_sitenote_category":0,"footnotes":""},"categories":[158],"tags":[188,1525,13893,2189,16221,794],"class_list":["post-111661","post","type-post","status-publish","format-standard","has-post-thumbnail","hentry","category-politica","tag-amlo","tag-candidatos","tag-opina","tag-proceso","tag-seleccion","tag-va-por-mexico","wp-image-borders"],"amp_enabled":true,"_links":{"self":[{"href":"https:\/\/nvnoticias.mx\/index.php\/wp-json\/wp\/v2\/posts\/111661","targetHints":{"allow":["GET"]}}],"collection":[{"href":"https:\/\/nvnoticias.mx\/index.php\/wp-json\/wp\/v2\/posts"}],"about":[{"href":"https:\/\/nvnoticias.mx\/index.php\/wp-json\/wp\/v2\/types\/post"}],"author":[{"embeddable":true,"href":"https:\/\/nvnoticias.mx\/index.php\/wp-json\/wp\/v2\/users\/35"}],"replies":[{"embeddable":true,"href":"https:\/\/nvnoticias.mx\/index.php\/wp-json\/wp\/v2\/comments?post=111661"}],"version-history":[{"count":2,"href":"https:\/\/nvnoticias.mx\/index.php\/wp-json\/wp\/v2\/posts\/111661\/revisions"}],"predecessor-version":[{"id":111663,"href":"https:\/\/nvnoticias.mx\/index.php\/wp-json\/wp\/v2\/posts\/111661\/revisions\/111663"}],"wp:featuredmedia":[{"embeddable":true,"href":"https:\/\/nvnoticias.mx\/index.php\/wp-json\/wp\/v2\/media\/34042"}],"wp:attachment":[{"href":"https:\/\/nvnoticias.mx\/index.php\/wp-json\/wp\/v2\/media?parent=111661"}],"wp:term":[{"taxonomy":"category","embeddable":true,"href":"https:\/\/nvnoticias.mx\/index.php\/wp-json\/wp\/v2\/categories?post=111661"},{"taxonomy":"post_tag","embeddable":true,"href":"https:\/\/nvnoticias.mx\/index.php\/wp-json\/wp\/v2\/tags?post=111661"}],"curies":[{"name":"wp","href":"https:\/\/api.w.org\/{rel}","templated":true}]}}