{"id":111608,"date":"2023-06-25T15:30:23","date_gmt":"2023-06-25T20:30:23","guid":{"rendered":"https:\/\/nvnoticias.mx\/?p=111608"},"modified":"2023-06-25T15:31:18","modified_gmt":"2023-06-25T20:31:18","slug":"termina-rebelion-armada-contra-putin","status":"publish","type":"post","link":"https:\/\/nvnoticias.mx\/index.php\/2023\/06\/25\/termina-rebelion-armada-contra-putin\/","title":{"rendered":"Termina rebeli\u00f3n armada contra Putin"},"content":{"rendered":"\n<p>La&nbsp;mayor revuelta contra el presidente de Rusia, Vladimir Putin, en sus m\u00e1s de dos d\u00e9cadas en el poder se desvaneci\u00f3 despu\u00e9s de que el&nbsp;<strong>l\u00edder del Grupo Wagner,&nbsp;Yevgeny Prigozhin<\/strong>,&nbsp;que hab\u00eda ordenado a sus tropas que marcharan sobre Mosc\u00fa, alcanzara un acuerdo con el Kremlin para irse al exilio en Bielorrusia y dispusiera la retirada.<\/p>\n\n\n\n<p>Sin embargo, la breve revuelta<strong>&nbsp;dej\u00f3 a la vista las vulnerabilidades en las fuerzas del gobierno ruso<\/strong>, ya que los soldados del Grupo Wagner al mando de Yevgeny Prigozhin llegaron sin oposici\u00f3n hasta la ciudad rusa de Rostov del Don y avanzaron centenares de kil\u00f3metros (millas) en direcci\u00f3n a Mosc\u00fa. Las fuerzas armadas rusas se apresuraron a defender la capital rusa.<\/p>\n\n\n\n<p>Seg\u00fan el acuerdo que el portavoz del Kremlin, Dmitry Peskov, anunci\u00f3 el s\u00e1bado,&nbsp;<strong>Prigozhin se exiliar\u00e1 en la vecina Bielorrusia<\/strong>, que ha apoyado la invasi\u00f3n de Rusia en Ucrania. Los cargos contra Prigozhin de organizar una rebeli\u00f3n armada ser\u00e1n retirados.<\/p>\n\n\n\n<p>El&nbsp;<strong>gobierno tambi\u00e9n dijo que no enjuiciar\u00e1 a los combatientes<\/strong>&nbsp;de Wagner que hayan participado en el alzamiento y el Ministerio de Defensa ofrecer\u00e1 contratos a los que no lo hicieron. Las tropas de Prigozhin recibieron \u00f3rdenes de regresar a sus campamentos en Ucrania, donde han estado combatiendo junto a soldados regulares rusos.<\/p>\n\n\n\n<p>Para el domingo por la ma\u00f1ana a\u00fan no hab\u00eda reportes de que Prigozhin hubiera llegado a Bielorrusia. Quedaban muchas otras preguntas por responder, como si el empresario se reunir\u00eda en el exilio con tropas de Wagner y qu\u00e9 papel, en su caso, podr\u00eda tener all\u00ed.<\/p>\n\n\n\n<p>Prigozhin, que public\u00f3 varios mensajes de sonido y video durante su revuelta, guardaba silencio desde que el Kremlin anunci\u00f3 que se hab\u00eda negociado un acuerdo para que pusiera fin a su marcha y abandonara Rusia.<\/p>\n\n\n\n<p>Putin hab\u00eda anunciado antes que castigar\u00eda a los responsables del alzamiento militar encabezado por su otrora protegido. En un discurso televisivo ante la naci\u00f3n,\u00a0Putin describi\u00f3 la rebeli\u00f3n como una &#8220;traici\u00f3n&#8221;.<\/p>\n\n\n\n<p>Fuente: <a href=\"https:\/\/www.milenio.com\/internacional\/termina-rebelion-putin-lider-grupo-wagner-exilia\" data-type=\"URL\" data-id=\"https:\/\/www.milenio.com\/internacional\/termina-rebelion-putin-lider-grupo-wagner-exilia\">Milenio<\/a> <\/p>\n","protected":false},"excerpt":{"rendered":"<p>La&nbsp;mayor revuelta contra el presidente de Rusia, Vladimir Putin, en sus m\u00e1s de dos d\u00e9cadas en el poder se desvaneci\u00f3 despu\u00e9s de que el&nbsp;l\u00edder del Grupo Wagner,&nbsp;Yevgeny Prigozhin,&nbsp;que hab\u00eda ordenado a sus tropas que marcharan sobre Mosc\u00fa, alcanzara un acuerdo con el Kremlin para irse al exilio en Bielorrusia y dispusiera la retirada. Sin embargo, [&hellip;]<\/p>\n","protected":false},"author":35,"featured_media":16172,"comment_status":"open","ping_status":"open","sticky":false,"template":"","format":"standard","meta":{"_monsterinsights_skip_tracking":false,"_monsterinsights_sitenote_active":false,"_monsterinsights_sitenote_note":"","_monsterinsights_sitenote_category":0,"footnotes":""},"categories":[181],"tags":[22944,19733,12682,703],"class_list":["post-111608","post","type-post","status-publish","format-standard","has-post-thumbnail","hentry","category-internacional","tag-armada","tag-rebelion","tag-termina","tag-vladimir-putin","wp-image-borders"],"amp_enabled":true,"_links":{"self":[{"href":"https:\/\/nvnoticias.mx\/index.php\/wp-json\/wp\/v2\/posts\/111608","targetHints":{"allow":["GET"]}}],"collection":[{"href":"https:\/\/nvnoticias.mx\/index.php\/wp-json\/wp\/v2\/posts"}],"about":[{"href":"https:\/\/nvnoticias.mx\/index.php\/wp-json\/wp\/v2\/types\/post"}],"author":[{"embeddable":true,"href":"https:\/\/nvnoticias.mx\/index.php\/wp-json\/wp\/v2\/users\/35"}],"replies":[{"embeddable":true,"href":"https:\/\/nvnoticias.mx\/index.php\/wp-json\/wp\/v2\/comments?post=111608"}],"version-history":[{"count":4,"href":"https:\/\/nvnoticias.mx\/index.php\/wp-json\/wp\/v2\/posts\/111608\/revisions"}],"predecessor-version":[{"id":111612,"href":"https:\/\/nvnoticias.mx\/index.php\/wp-json\/wp\/v2\/posts\/111608\/revisions\/111612"}],"wp:featuredmedia":[{"embeddable":true,"href":"https:\/\/nvnoticias.mx\/index.php\/wp-json\/wp\/v2\/media\/16172"}],"wp:attachment":[{"href":"https:\/\/nvnoticias.mx\/index.php\/wp-json\/wp\/v2\/media?parent=111608"}],"wp:term":[{"taxonomy":"category","embeddable":true,"href":"https:\/\/nvnoticias.mx\/index.php\/wp-json\/wp\/v2\/categories?post=111608"},{"taxonomy":"post_tag","embeddable":true,"href":"https:\/\/nvnoticias.mx\/index.php\/wp-json\/wp\/v2\/tags?post=111608"}],"curies":[{"name":"wp","href":"https:\/\/api.w.org\/{rel}","templated":true}]}}