{"id":111602,"date":"2023-06-25T15:22:18","date_gmt":"2023-06-25T20:22:18","guid":{"rendered":"https:\/\/nvnoticias.mx\/?p=111602"},"modified":"2023-06-25T15:22:18","modified_gmt":"2023-06-25T20:22:18","slug":"define-pri-reglas-para-aspirantes-a-coordinar-el-frente-amplio-opositor","status":"publish","type":"post","link":"https:\/\/nvnoticias.mx\/index.php\/2023\/06\/25\/define-pri-reglas-para-aspirantes-a-coordinar-el-frente-amplio-opositor\/","title":{"rendered":"Define PRI reglas para aspirantes a coordinar el Frente Amplio Opositor"},"content":{"rendered":"\n<p>El Consejo Pol\u00edtico Nacional del&nbsp;<strong>Partido Revolucionario Institucional (PRI)<\/strong>&nbsp;aprob\u00f3 este s\u00e1bado los mecanismos de consulta para la participaci\u00f3n en la construcci\u00f3n de un Frente Amplio Opositor para encabezar&nbsp;la alianza&nbsp;<em>Va por Mexico<\/em>&nbsp;(PAN-PRI-PRD)de cara al proceso 2024, el cual, se definir\u00e1 en septiembre pr\u00f3ximo.<\/p>\n\n\n\n<p>Durante la LXV Sesi\u00f3n Extraordinaria de este consejo pol\u00edtico, en el Auditorio \u201cPlutarco El\u00edas Calles\u201d de la sede nacional, los priistas reunidos de manera presencial y virtual avalaron&nbsp;<strong>la creaci\u00f3n de un Consejo T\u00e9cnico<\/strong>, as\u00ed como los mecanismos para que sus miembros puedan participar en el proceso electoral del pr\u00f3ximo a\u00f1o.<\/p>\n\n\n\n<p><strong>Alejandro Moreno, dirigente nacional del paritido<\/strong>, enumer\u00f3 las consideraciones ante el consejo, al que le solicit\u00f3 su entero respaldo al aspirante que resulte beneficiado.<\/p>\n\n\n\n<blockquote class=\"wp-block-quote is-layout-flow wp-block-quote-is-layout-flow\"><p>\u201cTenemos que tener consideraciones muy presentes. Primero, esta propuesta es en s\u00ed misma un ejercicio de participaci\u00f3n democr\u00e1tica e incluyente entre los partidos pol\u00edticos que conformamos la alianza va por M\u00e9xico y la representaci\u00f3n ampl\u00edsima de las asociaciones civiles y de todas las y los ciudadanos de este pa\u00eds.<\/p><\/blockquote>\n\n\n\n<blockquote class=\"wp-block-quote is-layout-flow wp-block-quote-is-layout-flow\"><p>\u201cDos, la visi\u00f3n y las consideraciones del PRI respecto a la metodolog\u00eda, implicaciones, y mecanismos, todos fueron atendidos puntualmente; Tengan la seguridad de que la opini\u00f3n del PRI fue expresada.<\/p><\/blockquote>\n\n\n\n<blockquote class=\"wp-block-quote is-layout-flow wp-block-quote-is-layout-flow\"><p>\u201cTres, estamos buscando un perfil s\u00f3lido, mujer u hombre con capacidad, que sea muy competitivo, que re\u00fana todas las caracter\u00edsticas que estimamos fundamentales para encabezar este proyecto, y que sepa lo que es ganarse y construir todos los d\u00edas la confianza de la gente.<\/p><\/blockquote>\n\n\n\n<blockquote class=\"wp-block-quote is-layout-flow wp-block-quote-is-layout-flow\"><p>\u201cCuatro, somos y siempre seremos respetuosos de la autoridad electoral, y de los \u00f3rganos jurisdiccionales, as\u00ed como de las leyes y los tiempos establecidos.<\/p><\/blockquote>\n\n\n\n<blockquote class=\"wp-block-quote is-layout-flow wp-block-quote-is-layout-flow\"><p>\u201cPor ello, sin importar qui\u00e9n termine siendo la responsable o el responsable, todas y todos los integrantes de la coalici\u00f3n y de la alianza debemos de apoyar y de respaldar esa decisi\u00f3n que se d\u00e9 el 3 de septiembre porque ser\u00e1 la voluntad de las y los mexicanos e iremos con quien sea la responsable y el responsable el m\u00e1s capaz para construir el frente amplio opositor.<\/p><\/blockquote>\n\n\n\n<p>Al finalizar su intervenci\u00f3n, el presidente Alejandro Moreno remarc\u00f3:<strong>\u00a0\u201caqu\u00ed termina el PRI reactivo y aqu\u00ed empieza la ofensiva priista.<\/strong>\u00a0La fortaleza del PRI radica en su unidad. Hoy, que la normalidad democr\u00e1tica est\u00e1 en riesgo, la unidad sin regateos es esencial.<\/p>\n\n\n\n<p>Fuente: <a href=\"https:\/\/www.milenio.com\/politica\/pri-define-reglas-para-aspirantes-a-coordinar-frente-amplio-opositor\" data-type=\"URL\" data-id=\"https:\/\/www.milenio.com\/politica\/pri-define-reglas-para-aspirantes-a-coordinar-frente-amplio-opositor\">Milenio<\/a><\/p>\n","protected":false},"excerpt":{"rendered":"<p>El Consejo Pol\u00edtico Nacional del&nbsp;Partido Revolucionario Institucional (PRI)&nbsp;aprob\u00f3 este s\u00e1bado los mecanismos de consulta para la participaci\u00f3n en la construcci\u00f3n de un Frente Amplio Opositor para encabezar&nbsp;la alianza&nbsp;Va por Mexico&nbsp;(PAN-PRI-PRD)de cara al proceso 2024, el cual, se definir\u00e1 en septiembre pr\u00f3ximo. Durante la LXV Sesi\u00f3n Extraordinaria de este consejo pol\u00edtico, en el Auditorio \u201cPlutarco El\u00edas [&hellip;]<\/p>\n","protected":false},"author":35,"featured_media":48341,"comment_status":"open","ping_status":"open","sticky":false,"template":"","format":"standard","meta":{"_monsterinsights_skip_tracking":false,"_monsterinsights_sitenote_active":false,"_monsterinsights_sitenote_note":"","_monsterinsights_sitenote_category":0,"footnotes":""},"categories":[158],"tags":[467,15128,25955,208,8604],"class_list":["post-111602","post","type-post","status-publish","format-standard","has-post-thumbnail","hentry","category-politica","tag-aspirantes","tag-define","tag-frente-amplio-opositor","tag-pri","tag-reglas","wp-image-borders"],"amp_enabled":true,"_links":{"self":[{"href":"https:\/\/nvnoticias.mx\/index.php\/wp-json\/wp\/v2\/posts\/111602","targetHints":{"allow":["GET"]}}],"collection":[{"href":"https:\/\/nvnoticias.mx\/index.php\/wp-json\/wp\/v2\/posts"}],"about":[{"href":"https:\/\/nvnoticias.mx\/index.php\/wp-json\/wp\/v2\/types\/post"}],"author":[{"embeddable":true,"href":"https:\/\/nvnoticias.mx\/index.php\/wp-json\/wp\/v2\/users\/35"}],"replies":[{"embeddable":true,"href":"https:\/\/nvnoticias.mx\/index.php\/wp-json\/wp\/v2\/comments?post=111602"}],"version-history":[{"count":5,"href":"https:\/\/nvnoticias.mx\/index.php\/wp-json\/wp\/v2\/posts\/111602\/revisions"}],"predecessor-version":[{"id":111607,"href":"https:\/\/nvnoticias.mx\/index.php\/wp-json\/wp\/v2\/posts\/111602\/revisions\/111607"}],"wp:featuredmedia":[{"embeddable":true,"href":"https:\/\/nvnoticias.mx\/index.php\/wp-json\/wp\/v2\/media\/48341"}],"wp:attachment":[{"href":"https:\/\/nvnoticias.mx\/index.php\/wp-json\/wp\/v2\/media?parent=111602"}],"wp:term":[{"taxonomy":"category","embeddable":true,"href":"https:\/\/nvnoticias.mx\/index.php\/wp-json\/wp\/v2\/categories?post=111602"},{"taxonomy":"post_tag","embeddable":true,"href":"https:\/\/nvnoticias.mx\/index.php\/wp-json\/wp\/v2\/tags?post=111602"}],"curies":[{"name":"wp","href":"https:\/\/api.w.org\/{rel}","templated":true}]}}