{"id":111568,"date":"2023-06-25T13:59:20","date_gmt":"2023-06-25T18:59:20","guid":{"rendered":"https:\/\/nvnoticias.mx\/?p=111568"},"modified":"2023-06-25T13:59:22","modified_gmt":"2023-06-25T18:59:22","slug":"acerca-imss-veracruz-norte-servicios-de-prevenimss-a-trabajadores-de-asipona-veracruz","status":"publish","type":"post","link":"https:\/\/nvnoticias.mx\/index.php\/2023\/06\/25\/acerca-imss-veracruz-norte-servicios-de-prevenimss-a-trabajadores-de-asipona-veracruz\/","title":{"rendered":"Acerca IMSS Veracruz Norte servicios de PrevenIMSS a trabajadores de ASIPONA Veracruz"},"content":{"rendered":"\n<p>El Instituto Mexicano del Seguro Social (IMSS) en Veracruz Norte llev\u00f3 a cabo una Jornada de Salud PrevenIMSS en las instalaciones de la Administraci\u00f3n del Sistema Portuario Nacional (ASIPONA) Veracruz.<\/p>\n\n\n\n<p>Cuyo objetivo fue el de promover acciones de salud y reforzar la prevenci\u00f3n y detecci\u00f3n oportuna de enfermedades cr\u00f3nico-degenerativas, explic\u00f3 la directora de Unidad de Medicina Familiar (UMF) No. 68, doctora Karla Fabiola D\u00edaz Rodr\u00edguez.<\/p>\n\n\n\n<p>&nbsp;Asimismo, la especialista destac\u00f3 la importancia de la prevenci\u00f3n e invit\u00f3 a la poblaci\u00f3n en general que, procuren mantenerse sanos y continuar con acciones que permitan hacer detecciones oportunas, adem\u00e1s de&nbsp; mantener una buena alimentaci\u00f3n y actividad f\u00edsica constante.<\/p>\n\n\n\n<p>Entre las acciones que se llevaron a cabo se incluyeron: Promoci\u00f3n de los servicios que otorga la Cl\u00ednica de Mama y citas para tamizaje; adem\u00e1s, valoraci\u00f3n y orientaci\u00f3n nutricional; t\u00e9cnica de cepillado de dientes coordinado por estomat\u00f3logos; Informaci\u00f3n sobre el Programa de Espacios Laborales Saludables (ELSSA); importancia de la lectura; orientaci\u00f3n sobre educaci\u00f3n sexual y reproductiva.<\/p>\n\n\n\n<p>\u201cTambi\u00e9n, se les midi\u00f3 peso, talla y cintura; &nbsp;se tomaron niveles de glucosa y presi\u00f3n sangu\u00ednea para detectar diabetes e hipertensi\u00f3n; de igual manera se tomaron muestras de Papanicolaou y se orient\u00f3 sobre el Programa de Turismo del Adulto Mayor e Higiene de Columna\u201d, explic\u00f3 la doctora.<\/p>\n\n\n\n<p>Durante la jornada estuvo presente el director general de ASIPONA Veracruz, Romel Eduardo Ledezma Abaroa y cabe destacar que en la Jornada de Salud PrevenIMSS, los servicios fueron otorgados por la Unidad de Detecci\u00f3n y Diagn\u00f3stico del C\u00e1ncer de Mama (UDDCM); la UMF No. 57, No. 61 y No. 68 del IMSS en Veracruz, Puerto, detall\u00f3 la doctora D\u00edaz Rodr\u00edguez.<\/p>\n\n\n\n<figure class=\"wp-block-gallery columns-3 is-cropped wp-block-gallery-1 is-layout-flex wp-block-gallery-is-layout-flex\"><ul class=\"blocks-gallery-grid\"><li class=\"blocks-gallery-item\"><figure><img loading=\"lazy\" decoding=\"async\" width=\"768\" height=\"1024\" src=\"https:\/\/nvnoticias.mx\/wp-content\/uploads\/2023\/06\/IMG-20230625-WA0005-768x1024.jpg\" alt=\"\" data-id=\"111574\" data-full-url=\"https:\/\/nvnoticias.mx\/wp-content\/uploads\/2023\/06\/IMG-20230625-WA0005.jpg\" data-link=\"https:\/\/nvnoticias.mx\/?attachment_id=111574\" class=\"wp-image-111574\" srcset=\"https:\/\/nvnoticias.mx\/wp-content\/uploads\/2023\/06\/IMG-20230625-WA0005-768x1024.jpg 768w, https:\/\/nvnoticias.mx\/wp-content\/uploads\/2023\/06\/IMG-20230625-WA0005-225x300.jpg 225w, https:\/\/nvnoticias.mx\/wp-content\/uploads\/2023\/06\/IMG-20230625-WA0005.jpg 960w\" sizes=\"auto, (max-width: 768px) 100vw, 768px\" \/><\/figure><\/li><li class=\"blocks-gallery-item\"><figure><img loading=\"lazy\" decoding=\"async\" width=\"730\" height=\"511\" src=\"https:\/\/nvnoticias.mx\/wp-content\/uploads\/2023\/06\/IMG-20230625-WA0006.jpg\" alt=\"\" data-id=\"111573\" data-full-url=\"https:\/\/nvnoticias.mx\/wp-content\/uploads\/2023\/06\/IMG-20230625-WA0006.jpg\" data-link=\"https:\/\/nvnoticias.mx\/?attachment_id=111573\" class=\"wp-image-111573\" srcset=\"https:\/\/nvnoticias.mx\/wp-content\/uploads\/2023\/06\/IMG-20230625-WA0006.jpg 730w, https:\/\/nvnoticias.mx\/wp-content\/uploads\/2023\/06\/IMG-20230625-WA0006-300x210.jpg 300w\" sizes=\"auto, (max-width: 730px) 100vw, 730px\" \/><\/figure><\/li><li class=\"blocks-gallery-item\"><figure><img loading=\"lazy\" decoding=\"async\" width=\"1024\" height=\"598\" src=\"https:\/\/nvnoticias.mx\/wp-content\/uploads\/2023\/06\/IMG-20230625-WA0008-1024x598.jpg\" alt=\"\" data-id=\"111572\" data-full-url=\"https:\/\/nvnoticias.mx\/wp-content\/uploads\/2023\/06\/IMG-20230625-WA0008.jpg\" data-link=\"https:\/\/nvnoticias.mx\/?attachment_id=111572\" class=\"wp-image-111572\" srcset=\"https:\/\/nvnoticias.mx\/wp-content\/uploads\/2023\/06\/IMG-20230625-WA0008-1024x598.jpg 1024w, https:\/\/nvnoticias.mx\/wp-content\/uploads\/2023\/06\/IMG-20230625-WA0008-300x175.jpg 300w, https:\/\/nvnoticias.mx\/wp-content\/uploads\/2023\/06\/IMG-20230625-WA0008-768x449.jpg 768w, https:\/\/nvnoticias.mx\/wp-content\/uploads\/2023\/06\/IMG-20230625-WA0008.jpg 1150w\" sizes=\"auto, (max-width: 1024px) 100vw, 1024px\" \/><\/figure><\/li><li class=\"blocks-gallery-item\"><figure><img loading=\"lazy\" decoding=\"async\" width=\"444\" height=\"723\" src=\"https:\/\/nvnoticias.mx\/wp-content\/uploads\/2023\/06\/IMG-20230625-WA0007.jpg\" alt=\"\" data-id=\"111571\" data-full-url=\"https:\/\/nvnoticias.mx\/wp-content\/uploads\/2023\/06\/IMG-20230625-WA0007.jpg\" data-link=\"https:\/\/nvnoticias.mx\/?attachment_id=111571\" class=\"wp-image-111571\" srcset=\"https:\/\/nvnoticias.mx\/wp-content\/uploads\/2023\/06\/IMG-20230625-WA0007.jpg 444w, https:\/\/nvnoticias.mx\/wp-content\/uploads\/2023\/06\/IMG-20230625-WA0007-184x300.jpg 184w\" sizes=\"auto, (max-width: 444px) 100vw, 444px\" \/><\/figure><\/li><\/ul><\/figure>\n","protected":false},"excerpt":{"rendered":"<p>El Instituto Mexicano del Seguro Social (IMSS) en Veracruz Norte llev\u00f3 a cabo una Jornada de Salud PrevenIMSS en las instalaciones de la Administraci\u00f3n del Sistema Portuario Nacional (ASIPONA) Veracruz. Cuyo objetivo fue el de promover acciones de salud y reforzar la prevenci\u00f3n y detecci\u00f3n oportuna de enfermedades cr\u00f3nico-degenerativas, explic\u00f3 la directora de Unidad de [&hellip;]<\/p>\n","protected":false},"author":35,"featured_media":111570,"comment_status":"open","ping_status":"open","sticky":false,"template":"","format":"standard","meta":{"_monsterinsights_skip_tracking":false,"_monsterinsights_sitenote_active":false,"_monsterinsights_sitenote_note":"","_monsterinsights_sitenote_category":0,"footnotes":""},"categories":[154],"tags":[12259,25953,25952,7487,941],"class_list":["post-111568","post","type-post","status-publish","format-standard","has-post-thumbnail","hentry","category-veracruz","tag-acerca","tag-asipona-veracruz","tag-imss-verscruz","tag-prevenimss","tag-trabajadores","wp-image-borders"],"amp_enabled":true,"_links":{"self":[{"href":"https:\/\/nvnoticias.mx\/index.php\/wp-json\/wp\/v2\/posts\/111568","targetHints":{"allow":["GET"]}}],"collection":[{"href":"https:\/\/nvnoticias.mx\/index.php\/wp-json\/wp\/v2\/posts"}],"about":[{"href":"https:\/\/nvnoticias.mx\/index.php\/wp-json\/wp\/v2\/types\/post"}],"author":[{"embeddable":true,"href":"https:\/\/nvnoticias.mx\/index.php\/wp-json\/wp\/v2\/users\/35"}],"replies":[{"embeddable":true,"href":"https:\/\/nvnoticias.mx\/index.php\/wp-json\/wp\/v2\/comments?post=111568"}],"version-history":[{"count":2,"href":"https:\/\/nvnoticias.mx\/index.php\/wp-json\/wp\/v2\/posts\/111568\/revisions"}],"predecessor-version":[{"id":111575,"href":"https:\/\/nvnoticias.mx\/index.php\/wp-json\/wp\/v2\/posts\/111568\/revisions\/111575"}],"wp:featuredmedia":[{"embeddable":true,"href":"https:\/\/nvnoticias.mx\/index.php\/wp-json\/wp\/v2\/media\/111570"}],"wp:attachment":[{"href":"https:\/\/nvnoticias.mx\/index.php\/wp-json\/wp\/v2\/media?parent=111568"}],"wp:term":[{"taxonomy":"category","embeddable":true,"href":"https:\/\/nvnoticias.mx\/index.php\/wp-json\/wp\/v2\/categories?post=111568"},{"taxonomy":"post_tag","embeddable":true,"href":"https:\/\/nvnoticias.mx\/index.php\/wp-json\/wp\/v2\/tags?post=111568"}],"curies":[{"name":"wp","href":"https:\/\/api.w.org\/{rel}","templated":true}]}}