{"id":111478,"date":"2023-06-24T13:09:57","date_gmt":"2023-06-24T18:09:57","guid":{"rendered":"https:\/\/nvnoticias.mx\/?p=111478"},"modified":"2023-06-24T13:09:59","modified_gmt":"2023-06-24T18:09:59","slug":"persiste-el-desabasto-de-farmacos-en-torre-pediatrica","status":"publish","type":"post","link":"https:\/\/nvnoticias.mx\/index.php\/2023\/06\/24\/persiste-el-desabasto-de-farmacos-en-torre-pediatrica\/","title":{"rendered":"Persiste el desabasto de f\u00e1rmacos en Torre Pedi\u00e1trica"},"content":{"rendered":"\n<p><strong>Jes\u00fas Utrilla | NV Noticias<\/strong><\/p>\n\n\n\n<p>En el Hospital Infantil de Veracruz faltan medicamentos, sin embargo, las mam\u00e1s de ni\u00f1os con c\u00e1ncer admitieron que las quimioterapias s\u00ed se han realizado.<\/p>\n\n\n\n<p>La se\u00f1ora Yunuet Jazmin Segovia Garc\u00eda dijo los m\u00e1s afectados son los ni\u00f1os con anemia apl\u00e1sica, quienes viajan de lugares lejanos para ser atendidos en el nosocomio.<\/p>\n\n\n\n<div class=\"wp-block-group\"><div class=\"wp-block-group__inner-container is-layout-flow wp-block-group-is-layout-flow\">\n<p>\u201cTuvimos un percance con la vincristina y con ha habido atraso con hematolog\u00eda. Tiene tiempo porque son cerca de seis ni\u00f1os de anemia apl\u00e1sica que vienen de la sierra de Orizaba, Oaxaca y se les dan incompletos\u201d.<\/p>\n<\/div><\/div>\n\n\n\n<p>Record\u00f3 que la efectividad de los tratamientos depende de aplicarlos en tiempo y forma, por lo que llam\u00f3 la sensibilidad del sector salud a surtir por completo los f\u00e1rmacos y brindar una atenci\u00f3n integral a los ni\u00f1os en el Hospital Infantil de Veracruz.<\/p>\n\n\n\n<blockquote class=\"wp-block-quote is-layout-flow wp-block-quote-is-layout-flow\"><p>\u201cEs una enfermedad parecida al c\u00e1ncer y ellos pueden desangrarse en cualquier momento por baja de plaquetas y hemoglobina. El cambio de director no ayuda mucho. Con el anterior ya estaban platicados varios proyectos y \u00e9l renunci\u00f3 a su cargo\u201d.<\/p><\/blockquote>\n\n\n\n<p>Las madres de ni\u00f1os con c\u00e1ncer pidieron que les hagan saber si continuar\u00e1n las reuniones y el trato cercano con el Instituto de Salud para el Bienestar (Insabi), pues tiene un mes que el titular no acude a las reuniones. Recordaron que se atraviesa por la transici\u00f3n Insabi al IMSS Bienestar.<\/p>\n","protected":false},"excerpt":{"rendered":"<p>Jes\u00fas Utrilla | NV Noticias En el Hospital Infantil de Veracruz faltan medicamentos, sin embargo, las mam\u00e1s de ni\u00f1os con c\u00e1ncer admitieron que las quimioterapias s\u00ed se han realizado. La se\u00f1ora Yunuet Jazmin Segovia Garc\u00eda dijo los m\u00e1s afectados son los ni\u00f1os con anemia apl\u00e1sica, quienes viajan de lugares lejanos para ser atendidos en el [&hellip;]<\/p>\n","protected":false},"author":35,"featured_media":16823,"comment_status":"open","ping_status":"open","sticky":false,"template":"","format":"standard","meta":{"_monsterinsights_skip_tracking":false,"_monsterinsights_sitenote_active":false,"_monsterinsights_sitenote_note":"","_monsterinsights_sitenote_category":0,"footnotes":""},"categories":[154],"tags":[1535,2837,11547,10376],"class_list":["post-111478","post","type-post","status-publish","format-standard","has-post-thumbnail","hentry","category-veracruz","tag-desabasto","tag-farmacos","tag-persiste","tag-torre-pediatrica","wp-image-borders"],"amp_enabled":true,"_links":{"self":[{"href":"https:\/\/nvnoticias.mx\/index.php\/wp-json\/wp\/v2\/posts\/111478","targetHints":{"allow":["GET"]}}],"collection":[{"href":"https:\/\/nvnoticias.mx\/index.php\/wp-json\/wp\/v2\/posts"}],"about":[{"href":"https:\/\/nvnoticias.mx\/index.php\/wp-json\/wp\/v2\/types\/post"}],"author":[{"embeddable":true,"href":"https:\/\/nvnoticias.mx\/index.php\/wp-json\/wp\/v2\/users\/35"}],"replies":[{"embeddable":true,"href":"https:\/\/nvnoticias.mx\/index.php\/wp-json\/wp\/v2\/comments?post=111478"}],"version-history":[{"count":1,"href":"https:\/\/nvnoticias.mx\/index.php\/wp-json\/wp\/v2\/posts\/111478\/revisions"}],"predecessor-version":[{"id":111479,"href":"https:\/\/nvnoticias.mx\/index.php\/wp-json\/wp\/v2\/posts\/111478\/revisions\/111479"}],"wp:featuredmedia":[{"embeddable":true,"href":"https:\/\/nvnoticias.mx\/index.php\/wp-json\/wp\/v2\/media\/16823"}],"wp:attachment":[{"href":"https:\/\/nvnoticias.mx\/index.php\/wp-json\/wp\/v2\/media?parent=111478"}],"wp:term":[{"taxonomy":"category","embeddable":true,"href":"https:\/\/nvnoticias.mx\/index.php\/wp-json\/wp\/v2\/categories?post=111478"},{"taxonomy":"post_tag","embeddable":true,"href":"https:\/\/nvnoticias.mx\/index.php\/wp-json\/wp\/v2\/tags?post=111478"}],"curies":[{"name":"wp","href":"https:\/\/api.w.org\/{rel}","templated":true}]}}