{"id":111394,"date":"2023-06-23T14:42:54","date_gmt":"2023-06-23T19:42:54","guid":{"rendered":"https:\/\/nvnoticias.mx\/?p=111394"},"modified":"2023-06-23T14:44:24","modified_gmt":"2023-06-23T19:44:24","slug":"reconoce-oficina-del-alto-comisionado-de-la-onu-coordinacion-con-gobierno-de-veracruz","status":"publish","type":"post","link":"https:\/\/nvnoticias.mx\/index.php\/2023\/06\/23\/reconoce-oficina-del-alto-comisionado-de-la-onu-coordinacion-con-gobierno-de-veracruz\/","title":{"rendered":"Reconoce Oficina del Alto Comisionado de la ONU coordinaci\u00f3n con Gobierno de Veracruz"},"content":{"rendered":"\n<p><strong>Sam Ojeda \/ NV Noticias<\/strong><\/p>\n\n\n\n<p>Xalapa.- El coordinador de la Unidad de Graves Violaciones a los Derechos Humanos de la Oficina del Alto Comisionado de la ONU para los Derechos Humanos, Alan Garc\u00eda Campos, destac\u00f3 que reconocen que el gobernador Cuitl\u00e1huac Garc\u00eda Jim\u00e9nez ha dicho que se mantendr\u00e1n los v\u00ednculos de colaboraci\u00f3n con esta instituci\u00f3n.<\/p>\n\n\n\n<blockquote class=\"wp-block-quote is-layout-flow wp-block-quote-is-layout-flow\"><p>\u201c<em>Reconocemos que ayer el gobernador mantendr\u00e1 con los v\u00ednculos de cooperaci\u00f3n con la oficina y agradece lo que hemos hecho en materia de desaparici\u00f3n y nos quedamos con ese mensaje<\/em>\u201d.<\/p><\/blockquote>\n\n\n\n<p>No obstante, advirti\u00f3 que seguir\u00e1n acompa\u00f1ando todas las causas de derechos humanos como desde hace 20 a\u00f1os.<\/p>\n\n\n\n<p>Esto despu\u00e9s de que el gobernador Cuitl\u00e1huac Garc\u00eda Jim\u00e9nez afirm\u00f3 que la Oficina del Alto Comisionado hab\u00eda intervenido en el caso de la jueza Ang\u00e9lica \u201cN\u201d violando la Constituci\u00f3n Pol\u00edtica del pa\u00eds, Garc\u00eda Campos indic\u00f3 que seguir\u00e1n atendiendo los casos.<\/p>\n\n\n\n<p>\u201cDecir que desde la oficina en M\u00e9xico del Alto Comisionado seguiremos acompa\u00f1ando todas las causas de derechos humanos y mantendremos c\u00f3mo desde hace 20 a\u00f1os el ejercicio pleno de nuestro mandato para favorecer y promover los derechos humanos\u201d.<\/p>\n\n\n\n<p>Dijo qu\u00e9 hay b\u00fasquedas ineludibles y necesarias en M\u00e9xico, la b\u00fasqueda de la paz, de la seguridad, de la tranquilidad, de la prevenci\u00f3n, de la verdad, de la justicia, de la reparaci\u00f3n y de las garant\u00edas de no repetici\u00f3n.<\/p>\n\n\n\n<blockquote class=\"wp-block-quote is-layout-flow wp-block-quote-is-layout-flow\"><p>\u201c<em>En todas esas b\u00fasquedas cuenten con el apoyo y la asistencia t\u00e9cnica de la Oficina en M\u00e9xico del Alto Comisionado cuyo compromiso seguir\u00e1 inspirad en su mandato desde hace 20 a\u00f1os en M\u00e9xico y que mantendremos en esta y cualquier otra agenda en donde haya afectaciones a los derechos humanos, siempre inspirados por el valor de la declaraci\u00f3n universal de los derechos humanos que cumple 75 a\u00f1os<\/em>\u201d.<\/p><\/blockquote>\n","protected":false},"excerpt":{"rendered":"<p>Sam Ojeda \/ NV Noticias Xalapa.- El coordinador de la Unidad de Graves Violaciones a los Derechos Humanos de la Oficina del Alto Comisionado de la ONU para los Derechos Humanos, Alan Garc\u00eda Campos, destac\u00f3 que reconocen que el gobernador Cuitl\u00e1huac Garc\u00eda Jim\u00e9nez ha dicho que se mantendr\u00e1n los v\u00ednculos de colaboraci\u00f3n con esta instituci\u00f3n. [&hellip;]<\/p>\n","protected":false},"author":8,"featured_media":34944,"comment_status":"open","ping_status":"open","sticky":false,"template":"","format":"standard","meta":{"_monsterinsights_skip_tracking":false,"_monsterinsights_sitenote_active":false,"_monsterinsights_sitenote_note":"","_monsterinsights_sitenote_category":0,"footnotes":""},"categories":[156],"tags":[972,513],"class_list":["post-111394","post","type-post","status-publish","format-standard","has-post-thumbnail","hentry","category-estado","tag-gobierno-de-veracruz","tag-onu","wp-image-borders"],"amp_enabled":true,"_links":{"self":[{"href":"https:\/\/nvnoticias.mx\/index.php\/wp-json\/wp\/v2\/posts\/111394","targetHints":{"allow":["GET"]}}],"collection":[{"href":"https:\/\/nvnoticias.mx\/index.php\/wp-json\/wp\/v2\/posts"}],"about":[{"href":"https:\/\/nvnoticias.mx\/index.php\/wp-json\/wp\/v2\/types\/post"}],"author":[{"embeddable":true,"href":"https:\/\/nvnoticias.mx\/index.php\/wp-json\/wp\/v2\/users\/8"}],"replies":[{"embeddable":true,"href":"https:\/\/nvnoticias.mx\/index.php\/wp-json\/wp\/v2\/comments?post=111394"}],"version-history":[{"count":2,"href":"https:\/\/nvnoticias.mx\/index.php\/wp-json\/wp\/v2\/posts\/111394\/revisions"}],"predecessor-version":[{"id":111397,"href":"https:\/\/nvnoticias.mx\/index.php\/wp-json\/wp\/v2\/posts\/111394\/revisions\/111397"}],"wp:featuredmedia":[{"embeddable":true,"href":"https:\/\/nvnoticias.mx\/index.php\/wp-json\/wp\/v2\/media\/34944"}],"wp:attachment":[{"href":"https:\/\/nvnoticias.mx\/index.php\/wp-json\/wp\/v2\/media?parent=111394"}],"wp:term":[{"taxonomy":"category","embeddable":true,"href":"https:\/\/nvnoticias.mx\/index.php\/wp-json\/wp\/v2\/categories?post=111394"},{"taxonomy":"post_tag","embeddable":true,"href":"https:\/\/nvnoticias.mx\/index.php\/wp-json\/wp\/v2\/tags?post=111394"}],"curies":[{"name":"wp","href":"https:\/\/api.w.org\/{rel}","templated":true}]}}