{"id":111348,"date":"2023-06-23T12:20:32","date_gmt":"2023-06-23T17:20:32","guid":{"rendered":"https:\/\/nvnoticias.mx\/?p=111348"},"modified":"2023-06-23T12:20:33","modified_gmt":"2023-06-23T17:20:33","slug":"matias-carrillo-deja-de-ser-el-manager-de-el-aguila-nestor-rojas-tomara-las-riendas-del-equipo-veracruzano","status":"publish","type":"post","link":"https:\/\/nvnoticias.mx\/index.php\/2023\/06\/23\/matias-carrillo-deja-de-ser-el-manager-de-el-aguila-nestor-rojas-tomara-las-riendas-del-equipo-veracruzano\/","title":{"rendered":"Mat\u00edas Carrillo deja de ser el m\u00e1nager de El \u00c1guila; N\u00e9stor Rojas tomar\u00e1 las riendas del equipo veracruzano"},"content":{"rendered":"\n<p>La Direcci\u00f3n Deportiva de El \u00c1guila de Veracruz dio a conocer que Mat\u00edas Carrillo deja de ser m\u00e1nager de la organizaci\u00f3n, por mutuo acuerdo.<\/p>\n\n\n\n<p>El venezolano N\u00e9stor Rojas tomar\u00e1 a partir de este d\u00eda, las riendas del equipo veracruzano y Ram\u00f3n Valdez fungir\u00e1 como coach de banca.<\/p>\n\n\n\n<p>Mat\u00edas Carrillo deja a El Glorioso con marca de 23 ganados y 28 perdidos en el standing de la Zona Sur.<\/p>\n\n\n\n<p>La organizaci\u00f3n de El \u00c1guila agradeci\u00f3 el profesionalismo de Mat\u00edas Carrillo como m\u00e1nager de la organizaci\u00f3n porte\u00f1a en el marco del 120 aniversario del equipo.<\/p>\n\n\n\n<p><\/p>\n","protected":false},"excerpt":{"rendered":"<p>La Direcci\u00f3n Deportiva de El \u00c1guila de Veracruz dio a conocer que Mat\u00edas Carrillo deja de ser m\u00e1nager de la organizaci\u00f3n, por mutuo acuerdo. El venezolano N\u00e9stor Rojas tomar\u00e1 a partir de este d\u00eda, las riendas del equipo veracruzano y Ram\u00f3n Valdez fungir\u00e1 como coach de banca. Mat\u00edas Carrillo deja a El Glorioso con marca [&hellip;]<\/p>\n","protected":false},"author":8,"featured_media":111349,"comment_status":"open","ping_status":"open","sticky":false,"template":"","format":"standard","meta":{"_monsterinsights_skip_tracking":false,"_monsterinsights_sitenote_active":false,"_monsterinsights_sitenote_note":"","_monsterinsights_sitenote_category":0,"footnotes":""},"categories":[159],"tags":[1195,24209],"class_list":["post-111348","post","type-post","status-publish","format-standard","has-post-thumbnail","hentry","category-deportes","tag-el-aguila-de-veracruz","tag-lmb-2023","wp-image-borders"],"amp_enabled":true,"_links":{"self":[{"href":"https:\/\/nvnoticias.mx\/index.php\/wp-json\/wp\/v2\/posts\/111348","targetHints":{"allow":["GET"]}}],"collection":[{"href":"https:\/\/nvnoticias.mx\/index.php\/wp-json\/wp\/v2\/posts"}],"about":[{"href":"https:\/\/nvnoticias.mx\/index.php\/wp-json\/wp\/v2\/types\/post"}],"author":[{"embeddable":true,"href":"https:\/\/nvnoticias.mx\/index.php\/wp-json\/wp\/v2\/users\/8"}],"replies":[{"embeddable":true,"href":"https:\/\/nvnoticias.mx\/index.php\/wp-json\/wp\/v2\/comments?post=111348"}],"version-history":[{"count":1,"href":"https:\/\/nvnoticias.mx\/index.php\/wp-json\/wp\/v2\/posts\/111348\/revisions"}],"predecessor-version":[{"id":111350,"href":"https:\/\/nvnoticias.mx\/index.php\/wp-json\/wp\/v2\/posts\/111348\/revisions\/111350"}],"wp:featuredmedia":[{"embeddable":true,"href":"https:\/\/nvnoticias.mx\/index.php\/wp-json\/wp\/v2\/media\/111349"}],"wp:attachment":[{"href":"https:\/\/nvnoticias.mx\/index.php\/wp-json\/wp\/v2\/media?parent=111348"}],"wp:term":[{"taxonomy":"category","embeddable":true,"href":"https:\/\/nvnoticias.mx\/index.php\/wp-json\/wp\/v2\/categories?post=111348"},{"taxonomy":"post_tag","embeddable":true,"href":"https:\/\/nvnoticias.mx\/index.php\/wp-json\/wp\/v2\/tags?post=111348"}],"curies":[{"name":"wp","href":"https:\/\/api.w.org\/{rel}","templated":true}]}}