{"id":111339,"date":"2023-06-23T11:34:16","date_gmt":"2023-06-23T16:34:16","guid":{"rendered":"https:\/\/nvnoticias.mx\/?p=111339"},"modified":"2023-06-23T11:34:17","modified_gmt":"2023-06-23T16:34:17","slug":"lanza-el-infonavit-el-programa-mejoravit-repara","status":"publish","type":"post","link":"https:\/\/nvnoticias.mx\/index.php\/2023\/06\/23\/lanza-el-infonavit-el-programa-mejoravit-repara\/","title":{"rendered":"Lanza el Infonavit el programa Mejoravit Repara"},"content":{"rendered":"\n<p><strong>Jes\u00fas Utrilla | NV Noticias<\/strong> <\/p>\n\n\n\n<p>En el pa\u00eds hay m\u00e1s de 35 viviendas particulares habitadas, que requieren de una soluci\u00f3n de mejora y reparaci\u00f3n.<\/p>\n\n\n\n<p>El 28 por ciento de los cr\u00e9ditos otorgados por el Infonavit en esta administraci\u00f3n fueron para mejora de vivienda.<\/p>\n\n\n\n<p>Seg\u00fan el INEG, los problemas estructurales tienen que ver con tuber\u00edas y drenajes, fracturas, deformaci\u00f3n de columnas, levantamiento o hundimiento de piso, entre otros.<\/p>\n\n\n\n<p>Erik Porres Blesa, delegado del Infonavit en Veracruz, dijo que tan solo en Veracruz, el 54.8 por ciento de las viviendas habitadas tiene problemas de humedad o filtraciones de agua.<\/p>\n\n\n\n<blockquote class=\"wp-block-quote is-layout-flow wp-block-quote-is-layout-flow\"><p>\u201cCasi la mitad de las viviendas tiene grietas por eso es que Infonavit se adapta a las necesidades reales de la gente y creamos un cr\u00e9dito para micro mejoras. Se llama Mejoravit Repara. Entendemos que hay familias que requieren composturas y el financiamiento lo va a otorgar Infonavit sin intermediarios\u201d.<\/p><\/blockquote>\n\n\n\n<p>La tasa de inter\u00e9s ser\u00e1 del 10 por ciento anual. El cr\u00e9dito de los 9 mil 461 pesos a 37 mil 844 pesos.<\/p>\n\n\n\n<blockquote class=\"wp-block-quote is-layout-flow wp-block-quote-is-layout-flow\"><p>\u201cEl importe que tenga el derechohabiente en la subcuenta de vivienda el cr\u00e9dito no puede rebasar para este programa el 90 por ciento de lo que este ahorrando y la tasa de inter\u00e9s es de 10 por ciento anual\u201d.<\/p><\/blockquote>\n\n\n\n<p>El cr\u00e9dito se podr\u00e1 usar en fugas de gas, fugas sanitaria, instalaci\u00f3n de aire acondicionado, colocaci\u00f3n de mosquiteros, cambio de chapas, pintura, jardiner\u00eda, entre otros.<\/p>\n\n\n\n<p><\/p>\n","protected":false},"excerpt":{"rendered":"<p>Jes\u00fas Utrilla | NV Noticias En el pa\u00eds hay m\u00e1s de 35 viviendas particulares habitadas, que requieren de una soluci\u00f3n de mejora y reparaci\u00f3n. El 28 por ciento de los cr\u00e9ditos otorgados por el Infonavit en esta administraci\u00f3n fueron para mejora de vivienda. Seg\u00fan el INEG, los problemas estructurales tienen que ver con tuber\u00edas y [&hellip;]<\/p>\n","protected":false},"author":35,"featured_media":111341,"comment_status":"open","ping_status":"open","sticky":false,"template":"","format":"standard","meta":{"_monsterinsights_skip_tracking":false,"_monsterinsights_sitenote_active":false,"_monsterinsights_sitenote_note":"","_monsterinsights_sitenote_category":0,"footnotes":""},"categories":[154],"tags":[303,9405,25916,5092],"class_list":["post-111339","post","type-post","status-publish","format-standard","has-post-thumbnail","hentry","category-veracruz","tag-infonavit","tag-lanza","tag-mejoravit-repara","tag-programa","wp-image-borders"],"amp_enabled":true,"_links":{"self":[{"href":"https:\/\/nvnoticias.mx\/index.php\/wp-json\/wp\/v2\/posts\/111339","targetHints":{"allow":["GET"]}}],"collection":[{"href":"https:\/\/nvnoticias.mx\/index.php\/wp-json\/wp\/v2\/posts"}],"about":[{"href":"https:\/\/nvnoticias.mx\/index.php\/wp-json\/wp\/v2\/types\/post"}],"author":[{"embeddable":true,"href":"https:\/\/nvnoticias.mx\/index.php\/wp-json\/wp\/v2\/users\/35"}],"replies":[{"embeddable":true,"href":"https:\/\/nvnoticias.mx\/index.php\/wp-json\/wp\/v2\/comments?post=111339"}],"version-history":[{"count":1,"href":"https:\/\/nvnoticias.mx\/index.php\/wp-json\/wp\/v2\/posts\/111339\/revisions"}],"predecessor-version":[{"id":111340,"href":"https:\/\/nvnoticias.mx\/index.php\/wp-json\/wp\/v2\/posts\/111339\/revisions\/111340"}],"wp:featuredmedia":[{"embeddable":true,"href":"https:\/\/nvnoticias.mx\/index.php\/wp-json\/wp\/v2\/media\/111341"}],"wp:attachment":[{"href":"https:\/\/nvnoticias.mx\/index.php\/wp-json\/wp\/v2\/media?parent=111339"}],"wp:term":[{"taxonomy":"category","embeddable":true,"href":"https:\/\/nvnoticias.mx\/index.php\/wp-json\/wp\/v2\/categories?post=111339"},{"taxonomy":"post_tag","embeddable":true,"href":"https:\/\/nvnoticias.mx\/index.php\/wp-json\/wp\/v2\/tags?post=111339"}],"curies":[{"name":"wp","href":"https:\/\/api.w.org\/{rel}","templated":true}]}}