{"id":111301,"date":"2023-06-22T20:35:47","date_gmt":"2023-06-23T01:35:47","guid":{"rendered":"https:\/\/nvnoticias.mx\/?p=111301"},"modified":"2023-06-22T20:37:20","modified_gmt":"2023-06-23T01:37:20","slug":"de-esto-trata-la-pelicula-que-fue-filmada-en-veracruz-cocodrilos","status":"publish","type":"post","link":"https:\/\/nvnoticias.mx\/index.php\/2023\/06\/22\/de-esto-trata-la-pelicula-que-fue-filmada-en-veracruz-cocodrilos\/","title":{"rendered":"De esto trata la pel\u00edcula que fue filmada en Veracruz, &#8216;Cocodrilos&#8217;"},"content":{"rendered":"\n<p>La pel\u00edcula que se film\u00f3 en el puerto de Veracruz llamada &#8220;Cocodrilos&#8221;, se trata de una historia de ficci\u00f3n sobre un fotoperiodista que retoma la investigaci\u00f3n de una inventora que fue asesinada por el Crimen Organizado,&nbsp;coment\u00f3 el director Xavier Velasco.<\/p>\n\n\n\n<p>Xavier Velasco detall\u00f3 que, en esta pel\u00edcula, existe una cierta inspiraci\u00f3n de eventos que han sucedido de violencia en contra de los periodistas en M\u00e9xico, pero principalmente en Veracruz.<\/p>\n\n\n\n<p>Dio a conocer que el rodaje filmado en Veracruz concluy\u00f3 y tardaron aproximadamente 5 semanas, donde comenzaron desde mayo de este a\u00f1o.<\/p>\n\n\n\n<p><strong>\u00bfCu\u00e1ndo ser\u00e1 exhibida al p\u00fablico?<\/strong><\/p>\n\n\n\n<blockquote class=\"wp-block-quote is-layout-flow wp-block-quote-is-layout-flow\"><p>&#8220;<em>Acabamos de terminar. Ahora inicia el proceso postproducci\u00f3n y calculo que se lleve a cabo en este a\u00f1o y esperamos que el pr\u00f3ximo a\u00f1o busquemos la distribuci\u00f3n comercial<\/em>&#8220;.<\/p><\/blockquote>\n\n\n\n<p>Por otro lado, dijo que el mensaje de la pel\u00edcula &#8216;Cocodrilos&#8217; es que se trata de tener una conversaci\u00f3n sobre un tema preocupante, como la &#8220;normalizaci\u00f3n&#8221; de la violencia.<\/p>\n\n\n\n<p><\/p>\n","protected":false},"excerpt":{"rendered":"<p>La pel\u00edcula que se film\u00f3 en el puerto de Veracruz llamada &#8220;Cocodrilos&#8221;, se trata de una historia de ficci\u00f3n sobre un fotoperiodista que retoma la investigaci\u00f3n de una inventora que fue asesinada por el Crimen Organizado,&nbsp;coment\u00f3 el director Xavier Velasco. Xavier Velasco detall\u00f3 que, en esta pel\u00edcula, existe una cierta inspiraci\u00f3n de eventos que han [&hellip;]<\/p>\n","protected":false},"author":8,"featured_media":111302,"comment_status":"open","ping_status":"open","sticky":false,"template":"","format":"standard","meta":{"_monsterinsights_skip_tracking":false,"_monsterinsights_sitenote_active":false,"_monsterinsights_sitenote_note":"","_monsterinsights_sitenote_category":0,"footnotes":""},"categories":[154],"tags":[25914,6747,162,180],"class_list":["post-111301","post","type-post","status-publish","format-standard","has-post-thumbnail","hentry","category-veracruz","tag-cocodrilos","tag-pelicula-2","tag-portada","tag-veracruz","wp-image-borders"],"amp_enabled":true,"_links":{"self":[{"href":"https:\/\/nvnoticias.mx\/index.php\/wp-json\/wp\/v2\/posts\/111301","targetHints":{"allow":["GET"]}}],"collection":[{"href":"https:\/\/nvnoticias.mx\/index.php\/wp-json\/wp\/v2\/posts"}],"about":[{"href":"https:\/\/nvnoticias.mx\/index.php\/wp-json\/wp\/v2\/types\/post"}],"author":[{"embeddable":true,"href":"https:\/\/nvnoticias.mx\/index.php\/wp-json\/wp\/v2\/users\/8"}],"replies":[{"embeddable":true,"href":"https:\/\/nvnoticias.mx\/index.php\/wp-json\/wp\/v2\/comments?post=111301"}],"version-history":[{"count":1,"href":"https:\/\/nvnoticias.mx\/index.php\/wp-json\/wp\/v2\/posts\/111301\/revisions"}],"predecessor-version":[{"id":111303,"href":"https:\/\/nvnoticias.mx\/index.php\/wp-json\/wp\/v2\/posts\/111301\/revisions\/111303"}],"wp:featuredmedia":[{"embeddable":true,"href":"https:\/\/nvnoticias.mx\/index.php\/wp-json\/wp\/v2\/media\/111302"}],"wp:attachment":[{"href":"https:\/\/nvnoticias.mx\/index.php\/wp-json\/wp\/v2\/media?parent=111301"}],"wp:term":[{"taxonomy":"category","embeddable":true,"href":"https:\/\/nvnoticias.mx\/index.php\/wp-json\/wp\/v2\/categories?post=111301"},{"taxonomy":"post_tag","embeddable":true,"href":"https:\/\/nvnoticias.mx\/index.php\/wp-json\/wp\/v2\/tags?post=111301"}],"curies":[{"name":"wp","href":"https:\/\/api.w.org\/{rel}","templated":true}]}}