{"id":111277,"date":"2023-06-22T17:21:46","date_gmt":"2023-06-22T22:21:46","guid":{"rendered":"https:\/\/nvnoticias.mx\/?p=111277"},"modified":"2023-06-22T17:21:48","modified_gmt":"2023-06-22T22:21:48","slug":"asegura-sarah-jessica-parker-que-el-regreso-de-samantha-jones-en-and-just-like-that-sera-nostalgico","status":"publish","type":"post","link":"https:\/\/nvnoticias.mx\/index.php\/2023\/06\/22\/asegura-sarah-jessica-parker-que-el-regreso-de-samantha-jones-en-and-just-like-that-sera-nostalgico\/","title":{"rendered":"Asegura Sarah Jessica Parker que el regreso de Samantha Jones en \u201cAnd Just Like That\u201d ser\u00e1 \u201cnost\u00e1lgico\u201d"},"content":{"rendered":"\n<p><a href=\"https:\/\/www.infobae.com\/entretenimiento\/2023\/06\/01\/kim-cattrall-volvera-como-samantha-jones-en-and-just-like-that\/\" target=\"_blank\" rel=\"noreferrer noopener\"><strong>Kim Cattrall <\/strong>anunci\u00f3 que se vuelve a poner en la piel de <strong>Samantha Jones<\/strong><\/a> para aparecer en un cameo en la segunda temporada de <strong>And Just Like That<\/strong>. Luego de revelarse esto, <strong>Sarah Jessica Parker<\/strong> habl\u00f3 sobre la aparici\u00f3n de su ex coprotagonista y se\u00f1al\u00f3 que ser\u00e1 tan nost\u00e1lgico como los fan\u00e1ticos pueden esperar.<\/p>\n\n\n\n<blockquote class=\"wp-block-quote is-layout-flow wp-block-quote-is-layout-flow\"><p>\u201cLa idea surgi\u00f3 por los 25 a\u00f1os y querer celebrar eso, pero tambi\u00e9n reconocer el afecto que ten\u00edamos por Samantha, que seguimos teniendo\u201d, declar\u00f3 a<em> E! News. <\/em>\u201cElla ha estado presente en el programa en forma de texto, por lo que parec\u00eda una buena manera de ponerle cara al texto y tener un momento\u201d, agreg\u00f3 la popular <strong>Carrie Bradshaw<\/strong>.<\/p><\/blockquote>\n\n\n\n<p>Antes de regresar como <strong>Samantha<\/strong>, <strong>Cattrall<\/strong> comparti\u00f3 previamente que dejar\u00eda atr\u00e1s el universo <strong>Sex and the City<\/strong> para siempre, lo que se produjo en medio de a\u00f1os de rumores de enemistad entre ella y Parker.<\/p>\n\n\n\n<p>Sin embargo, cuando se estren\u00f3 la primera temporada de AJLT en diciembre de 2021, los fan\u00e1ticos vieron a Samantha a trav\u00e9s de mensajes en el tel\u00e9fono de Carrie, raz\u00f3n por la cual la comunicaci\u00f3n sigui\u00f3 desempe\u00f1ando un papel tan importante en la pr\u00f3xima temporada.<\/p>\n\n\n\n<blockquote class=\"wp-block-quote is-layout-flow wp-block-quote-is-layout-flow\"><p>\u201cEs una llamada telef\u00f3nica muy dulce y sentimental que ocurre en un momento particular de la vida de Carrie\u201d, se\u00f1al\u00f3 Parker sobre el cameo de Cattrall. \u201cY solo est\u00e1 puntuado por esta llamada telef\u00f3nica. Espero que la gente lo disfrute\u201d.<\/p><\/blockquote>\n\n\n\n<p>Pero el adelanto de una reuni\u00f3n no es el \u00fanico cap\u00edtulo en la vida de Carrie en el que los fan\u00e1ticos pueden esperar profundizar, considerando que hay mucho m\u00e1s por descubrir.<\/p>\n\n\n\n<blockquote class=\"wp-block-quote is-layout-flow wp-block-quote-is-layout-flow\"><p>\u201cTambi\u00e9n hay mucho humor, diversi\u00f3n y fantas\u00eda\u201d, comparti\u00f3 Parker sobre la pr\u00f3xima temporada. \u201cCreo que es una temporada muy optimista. Es un tono que tal vez le resulte m\u00e1s familiar a SATC y fue muy divertido rodar\u201d.<\/p><\/blockquote>\n\n\n\n<p>Por su parte, <strong>Kristin Davis<\/strong>, que tambi\u00e9n es productora de la serie, asegur\u00f3 que esto lo hicieron por los fans que tanto lo pidieron. \u201cHablamos sobre ello y decidimos que era lo correcto para los fans. Ellos echan de menos a Samantha. Los fans quieren a Samantha. Samantha es un personaje fant\u00e1stico, lo entendemos\u201d.<\/p>\n\n\n\n<blockquote class=\"wp-block-quote is-layout-flow wp-block-quote-is-layout-flow\"><p>\u201cNos pareci\u00f3 que ten\u00edamos que honrar la historia. No puedo revelar m\u00e1s, pero dir\u00e9 que tendr\u00e1 sentido dentro de las circunstancias en las que sucede\u201d, coment\u00f3.<\/p><\/blockquote>\n\n\n\n<p>Cabe resaltar que la segunda temporada de <strong>And Just Like That<\/strong> se estrenar\u00e1 en HBO Max este 22 de junio.<\/p>\n\n\n\n<p>Fuente: <a href=\"https:\/\/www.infobae.com\/entretenimiento\/2023\/06\/22\/sarah-jessica-parker-aseguro-que-el-regreso-de-samantha-jones-en-and-just-like-that-sera-nostalgico\/\" data-type=\"URL\" data-id=\"https:\/\/www.infobae.com\/entretenimiento\/2023\/06\/22\/sarah-jessica-parker-aseguro-que-el-regreso-de-samantha-jones-en-and-just-like-that-sera-nostalgico\/\">Infobae<\/a><\/p>\n","protected":false},"excerpt":{"rendered":"<p>Kim Cattrall anunci\u00f3 que se vuelve a poner en la piel de Samantha Jones para aparecer en un cameo en la segunda temporada de And Just Like That. Luego de revelarse esto, Sarah Jessica Parker habl\u00f3 sobre la aparici\u00f3n de su ex coprotagonista y se\u00f1al\u00f3 que ser\u00e1 tan nost\u00e1lgico como los fan\u00e1ticos pueden esperar. \u201cLa [&hellip;]<\/p>\n","protected":false},"author":35,"featured_media":30657,"comment_status":"open","ping_status":"open","sticky":false,"template":"","format":"standard","meta":{"_monsterinsights_skip_tracking":false,"_monsterinsights_sitenote_active":false,"_monsterinsights_sitenote_note":"","_monsterinsights_sitenote_category":0,"footnotes":""},"categories":[576],"tags":[8411,25913,7002,25912,7067],"class_list":["post-111277","post","type-post","status-publish","format-standard","has-post-thumbnail","hentry","category-ocio","tag-and-just-like-that","tag-nostalgico","tag-regreso","tag-samantha-jones","tag-sarah-jessica-parker","wp-image-borders"],"amp_enabled":true,"_links":{"self":[{"href":"https:\/\/nvnoticias.mx\/index.php\/wp-json\/wp\/v2\/posts\/111277","targetHints":{"allow":["GET"]}}],"collection":[{"href":"https:\/\/nvnoticias.mx\/index.php\/wp-json\/wp\/v2\/posts"}],"about":[{"href":"https:\/\/nvnoticias.mx\/index.php\/wp-json\/wp\/v2\/types\/post"}],"author":[{"embeddable":true,"href":"https:\/\/nvnoticias.mx\/index.php\/wp-json\/wp\/v2\/users\/35"}],"replies":[{"embeddable":true,"href":"https:\/\/nvnoticias.mx\/index.php\/wp-json\/wp\/v2\/comments?post=111277"}],"version-history":[{"count":1,"href":"https:\/\/nvnoticias.mx\/index.php\/wp-json\/wp\/v2\/posts\/111277\/revisions"}],"predecessor-version":[{"id":111278,"href":"https:\/\/nvnoticias.mx\/index.php\/wp-json\/wp\/v2\/posts\/111277\/revisions\/111278"}],"wp:featuredmedia":[{"embeddable":true,"href":"https:\/\/nvnoticias.mx\/index.php\/wp-json\/wp\/v2\/media\/30657"}],"wp:attachment":[{"href":"https:\/\/nvnoticias.mx\/index.php\/wp-json\/wp\/v2\/media?parent=111277"}],"wp:term":[{"taxonomy":"category","embeddable":true,"href":"https:\/\/nvnoticias.mx\/index.php\/wp-json\/wp\/v2\/categories?post=111277"},{"taxonomy":"post_tag","embeddable":true,"href":"https:\/\/nvnoticias.mx\/index.php\/wp-json\/wp\/v2\/tags?post=111277"}],"curies":[{"name":"wp","href":"https:\/\/api.w.org\/{rel}","templated":true}]}}