{"id":111264,"date":"2023-06-22T14:53:22","date_gmt":"2023-06-22T19:53:22","guid":{"rendered":"https:\/\/nvnoticias.mx\/?p=111264"},"modified":"2023-06-22T14:53:24","modified_gmt":"2023-06-22T19:53:24","slug":"al-menos-40-tortugas-fueron-halladas-muertas-este-ano","status":"publish","type":"post","link":"https:\/\/nvnoticias.mx\/index.php\/2023\/06\/22\/al-menos-40-tortugas-fueron-halladas-muertas-este-ano\/","title":{"rendered":"Al menos 40 tortugas fueron halladas muertas este a\u00f1o"},"content":{"rendered":"\n<p><strong>Jes\u00fas Utrilla \/ NV Noticias<\/strong><\/p>\n\n\n\n<p>Durante el transcurso de este a\u00f1o, se han encontrado un total de 40 tortugas sin vida en distintas ubicaciones a lo largo de las costas de Veracruz, seg\u00fan inform\u00f3 Jos\u00e9 Carlos Piza\u00f1a Soto, director del Parque Nacional Sistema Arrecifal Veracruzano (PNSAV).<\/p>\n\n\n\n<p>Detall\u00f3 que la mayor\u00eda de estos organismos han sido descubiertos en playas de la zona que abarca Veracruz y Boca del R\u00edo. Adem\u00e1s, destac\u00f3 que se ha observado un aumento en el n\u00famero de tortugas varadas en comparaci\u00f3n con el mismo per\u00edodo del a\u00f1o anterior.<\/p>\n\n\n\n<p>El director del PNSAV mencion\u00f3 que est\u00e1n trabajando en conjunto con la Profepa para llevar a cabo necropsias, las cuales han revelado que la mayor\u00eda de las posibles causas de muerte son el resultado de asfixia por enredarse en las redes de los pescadores, enfermedades como la presentaci\u00f3n de politos, as\u00ed como heridas y lesiones causadas por las h\u00e9lices de las embarcaciones.<\/p>\n\n\n\n<p>Se\u00f1al\u00f3 que, con la colaboraci\u00f3n de los salvavidas, est\u00e1n vigilando de cerca los casos de varamiento de tortugas. <\/p>\n\n\n\n<p>Por otro lado, tambi\u00e9n inform\u00f3 que la anidaci\u00f3n de las tortugas marinas ha sido baja este a\u00f1o en todos los campamentos del estado de Veracruz. <\/p>\n\n\n\n<p>Esta situaci\u00f3n podr\u00eda atribuirse a las altas temperaturas que se han registrado en el pa\u00eds y en Veracruz durante las \u00faltimas semanas.<\/p>\n\n\n\n<blockquote class=\"wp-block-quote is-layout-flow wp-block-quote-is-layout-flow\"><p>&#8220;<em>En comparaci\u00f3n con los datos de a\u00f1os anteriores, la temporada de anidaci\u00f3n ha sido un poco inferior hasta el momento. Estamos por debajo del promedio, pero todav\u00eda estamos a mitad de temporada, que suele terminar aproximadamente en agosto y septiembre. Esperamos que la situaci\u00f3n mejore, pero sabemos que las condiciones de temperatura en todo el territorio de Veracruz y el pa\u00eds son bastante intensas en las costa<\/em>s&#8221;, concluy\u00f3 Piza\u00f1a Soto.<\/p><\/blockquote>\n","protected":false},"excerpt":{"rendered":"<p>Jes\u00fas Utrilla \/ NV Noticias Durante el transcurso de este a\u00f1o, se han encontrado un total de 40 tortugas sin vida en distintas ubicaciones a lo largo de las costas de Veracruz, seg\u00fan inform\u00f3 Jos\u00e9 Carlos Piza\u00f1a Soto, director del Parque Nacional Sistema Arrecifal Veracruzano (PNSAV). Detall\u00f3 que la mayor\u00eda de estos organismos han sido [&hellip;]<\/p>\n","protected":false},"author":8,"featured_media":111265,"comment_status":"open","ping_status":"open","sticky":false,"template":"","format":"standard","meta":{"_monsterinsights_skip_tracking":false,"_monsterinsights_sitenote_active":false,"_monsterinsights_sitenote_note":"","_monsterinsights_sitenote_category":0,"footnotes":""},"categories":[154],"tags":[423,25909,3092,180],"class_list":["post-111264","post","type-post","status-publish","format-standard","has-post-thumbnail","hentry","category-veracruz","tag-boca-del-rio","tag-pnsav","tag-tortugas","tag-veracruz","wp-image-borders"],"amp_enabled":true,"_links":{"self":[{"href":"https:\/\/nvnoticias.mx\/index.php\/wp-json\/wp\/v2\/posts\/111264","targetHints":{"allow":["GET"]}}],"collection":[{"href":"https:\/\/nvnoticias.mx\/index.php\/wp-json\/wp\/v2\/posts"}],"about":[{"href":"https:\/\/nvnoticias.mx\/index.php\/wp-json\/wp\/v2\/types\/post"}],"author":[{"embeddable":true,"href":"https:\/\/nvnoticias.mx\/index.php\/wp-json\/wp\/v2\/users\/8"}],"replies":[{"embeddable":true,"href":"https:\/\/nvnoticias.mx\/index.php\/wp-json\/wp\/v2\/comments?post=111264"}],"version-history":[{"count":1,"href":"https:\/\/nvnoticias.mx\/index.php\/wp-json\/wp\/v2\/posts\/111264\/revisions"}],"predecessor-version":[{"id":111266,"href":"https:\/\/nvnoticias.mx\/index.php\/wp-json\/wp\/v2\/posts\/111264\/revisions\/111266"}],"wp:featuredmedia":[{"embeddable":true,"href":"https:\/\/nvnoticias.mx\/index.php\/wp-json\/wp\/v2\/media\/111265"}],"wp:attachment":[{"href":"https:\/\/nvnoticias.mx\/index.php\/wp-json\/wp\/v2\/media?parent=111264"}],"wp:term":[{"taxonomy":"category","embeddable":true,"href":"https:\/\/nvnoticias.mx\/index.php\/wp-json\/wp\/v2\/categories?post=111264"},{"taxonomy":"post_tag","embeddable":true,"href":"https:\/\/nvnoticias.mx\/index.php\/wp-json\/wp\/v2\/tags?post=111264"}],"curies":[{"name":"wp","href":"https:\/\/api.w.org\/{rel}","templated":true}]}}