{"id":111257,"date":"2023-06-22T14:42:54","date_gmt":"2023-06-22T19:42:54","guid":{"rendered":"https:\/\/nvnoticias.mx\/?p=111257"},"modified":"2023-06-22T14:42:55","modified_gmt":"2023-06-22T19:42:55","slug":"no-operan-a-ninos-con-tumores-por-falta-de-climas-en-el-haev","status":"publish","type":"post","link":"https:\/\/nvnoticias.mx\/index.php\/2023\/06\/22\/no-operan-a-ninos-con-tumores-por-falta-de-climas-en-el-haev\/","title":{"rendered":"No operan a ni\u00f1os con tumores por falta de climas en el HAEV"},"content":{"rendered":"\n<p><strong>Jes\u00fas Utrilla \/ NV Noticias<\/strong><\/p>\n\n\n\n<p>Por falta de aire acondicionado en el Hospital de Alta Especialidad de Veracruz, los ni\u00f1os con c\u00e1ncer tampoco pueden ser operados<\/p>\n\n\n\n<p>La se\u00f1ora Yunuet Jazmin Segovia Garc\u00eda, mam\u00e1 de un ni\u00f1o con c\u00e1ncer, dijo que al&nbsp;&nbsp;Hospital Infantil de Veracruz tambi\u00e9n le falla el aire acondicionado y los elevadores.<\/p>\n\n\n\n<blockquote class=\"wp-block-quote is-layout-flow wp-block-quote-is-layout-flow\"><p>\u201c<em>Los elevadores a veces funcionan, luego no. Un d\u00eda funciona uno, luego el otro. Se supone que ya est\u00e1n previstos en un proyecto de inversi\u00f3n de 22 millones de pesos y se compondr\u00e1n climas y elevadores<\/em>\u201d.<\/p><\/blockquote>\n\n\n\n<p>Debido a esa falta de funcionamiento de los sistemas de aire acondicionado se han cancelado varias cirug\u00edas de ni\u00f1os que son atendidos en el Hospital Infantil.<\/p>\n\n\n\n<p>Aunque la Torre Pedi\u00e1trica cuenta con tres quir\u00f3fanos que han estado en funcionamiento de manera intermitente, actualmente no se pueden utilizar debido a diversas irregularidades, por lo que necesitan utilizar los espacios del Hospital Regional.<\/p>\n\n\n\n<p>Acus\u00f3 que el cambio de director en el Hospital de Alta Especialidad de Veracruz no abon\u00f3 a mejorar el servicio de salud, pues adem\u00e1s que no hay reuniones peri\u00f3dicas, como se ven\u00eda haciendo con la Secretar\u00eda de Salud, algunos proyectos se frenaron, como el de cuidados paliativos.<\/p>\n\n\n\n<blockquote class=\"wp-block-quote is-layout-flow wp-block-quote-is-layout-flow\"><p>\u201c<em>Ya sirve el quir\u00f3fano, pero si no me sirve un elevador donde yo pueda bajar a un ni\u00f1o, como le hago. Por las escaleras no se puede. Es un tema que se debe regular<\/em>\u201d.<\/p><\/blockquote>\n\n\n\n<p>Sobre las operaciones dijo que un ni\u00f1o que requiere operarse de un tumor ten\u00eda inicialmente una cita para agosto de 2022, pero fue reagendado para octubre del a\u00f1o pasado, luego su cirug\u00eda programada para el 19 de junio de 2023 fue nuevamente pospuesta.<\/p>\n","protected":false},"excerpt":{"rendered":"<p>Jes\u00fas Utrilla \/ NV Noticias Por falta de aire acondicionado en el Hospital de Alta Especialidad de Veracruz, los ni\u00f1os con c\u00e1ncer tampoco pueden ser operados La se\u00f1ora Yunuet Jazmin Segovia Garc\u00eda, mam\u00e1 de un ni\u00f1o con c\u00e1ncer, dijo que al&nbsp;&nbsp;Hospital Infantil de Veracruz tambi\u00e9n le falla el aire acondicionado y los elevadores. \u201cLos elevadores [&hellip;]<\/p>\n","protected":false},"author":8,"featured_media":111258,"comment_status":"open","ping_status":"open","sticky":false,"template":"","format":"standard","meta":{"_monsterinsights_skip_tracking":false,"_monsterinsights_sitenote_active":false,"_monsterinsights_sitenote_note":"","_monsterinsights_sitenote_category":0,"footnotes":""},"categories":[154],"tags":[4887,15893,7711],"class_list":["post-111257","post","type-post","status-publish","format-standard","has-post-thumbnail","hentry","category-veracruz","tag-climas","tag-haev","tag-operaciones","wp-image-borders"],"amp_enabled":true,"_links":{"self":[{"href":"https:\/\/nvnoticias.mx\/index.php\/wp-json\/wp\/v2\/posts\/111257","targetHints":{"allow":["GET"]}}],"collection":[{"href":"https:\/\/nvnoticias.mx\/index.php\/wp-json\/wp\/v2\/posts"}],"about":[{"href":"https:\/\/nvnoticias.mx\/index.php\/wp-json\/wp\/v2\/types\/post"}],"author":[{"embeddable":true,"href":"https:\/\/nvnoticias.mx\/index.php\/wp-json\/wp\/v2\/users\/8"}],"replies":[{"embeddable":true,"href":"https:\/\/nvnoticias.mx\/index.php\/wp-json\/wp\/v2\/comments?post=111257"}],"version-history":[{"count":1,"href":"https:\/\/nvnoticias.mx\/index.php\/wp-json\/wp\/v2\/posts\/111257\/revisions"}],"predecessor-version":[{"id":111259,"href":"https:\/\/nvnoticias.mx\/index.php\/wp-json\/wp\/v2\/posts\/111257\/revisions\/111259"}],"wp:featuredmedia":[{"embeddable":true,"href":"https:\/\/nvnoticias.mx\/index.php\/wp-json\/wp\/v2\/media\/111258"}],"wp:attachment":[{"href":"https:\/\/nvnoticias.mx\/index.php\/wp-json\/wp\/v2\/media?parent=111257"}],"wp:term":[{"taxonomy":"category","embeddable":true,"href":"https:\/\/nvnoticias.mx\/index.php\/wp-json\/wp\/v2\/categories?post=111257"},{"taxonomy":"post_tag","embeddable":true,"href":"https:\/\/nvnoticias.mx\/index.php\/wp-json\/wp\/v2\/tags?post=111257"}],"curies":[{"name":"wp","href":"https:\/\/api.w.org\/{rel}","templated":true}]}}