{"id":111253,"date":"2023-06-22T14:49:25","date_gmt":"2023-06-22T19:49:25","guid":{"rendered":"https:\/\/nvnoticias.mx\/?p=111253"},"modified":"2023-06-22T15:48:59","modified_gmt":"2023-06-22T20:48:59","slug":"invalido-scjn-en-su-totalidad-el-plan-b","status":"publish","type":"post","link":"https:\/\/nvnoticias.mx\/index.php\/2023\/06\/22\/invalido-scjn-en-su-totalidad-el-plan-b\/","title":{"rendered":"Invalido SCJN en su totalidad el Plan B"},"content":{"rendered":"\n<p>El Pleno de la <strong>Suprema Corte de Justicia de la Naci\u00f3n (SCJN)<\/strong> invalid\u00f3 la totalidad del <strong>Plan B electoral <\/strong>del presidente Andr\u00e9s Manuel L\u00f3pez Obrador, luego de que discuti\u00f3 y sostuvo que hubo violaciones al procedimiento legislativo para la discusi\u00f3n de la segunda parte de las reformas.<\/p>\n\n\n\n<p>Por mayor\u00eda de votos, la Suprema Corte se impuso nuevamente e invalid\u00f3 las reformas complementarias del Plan B electoral, luego de que el pasado 8 de mayo invalid\u00f3 la Ley de Comunicaci\u00f3n Soscial y la Ley de Responsabilidades de los Servidores P\u00fablicas.<\/p>\n\n\n\n<p>Los votos en contra de declarar la invalidez de estas reformas fueron de las ministras <strong>Yasm\u00edn Esquivel Mossa<\/strong> y <strong>Loretta Ortiz Ahlf.<\/strong><\/p>\n\n\n\n<p>Mientras que los votos<a rel=\"noreferrer noopener\" href=\"https:\/\/www.infobae.com\/mexico\/2023\/06\/22\/scjn-discute-segunda-parte-del-plan-b-electoral-de-amlo-sigue-en-vivo-el-minuto-a-minuto\/\" target=\"_blank\"><strong> a favor de la invalidez<\/strong><\/a> fueron del ministro ponente Javier Laynez Potisek, Arturo Zald\u00edvar, Alfredo Guti\u00e9rrez Ortiz Mena, Alberto P\u00e9rez Day\u00e1n, Norma Pi\u00f1a Hern\u00e1ndez, Jorge Pardo Rebolledo, Juan Luis Gonz\u00e1lez Alc\u00e1ntara Carranc\u00e1, Margarita R\u00edos Farjat y Luis Mar\u00eda Aguilar Morales.<\/p>\n\n\n\n<p>Ahora, las leyes invalidadas fueron la Ley General de Instituciones y Procedimientos Electorales; la Ley General de Partidos Pol\u00edticos; la Ley Org\u00e1nica del Poder Judicial y la expidici\u00f3n de la Ley General del Sistema de Medios de Impugnaci\u00f3n.<\/p>\n\n\n\n<p>Bajo el proyecto del <strong>ministro Javier Laynez Potisek<\/strong>, la ponencia us\u00f3 argumentos en los cuales se bas\u00f3 el ministro Alberto P\u00e9rez Day\u00e1n para invalidar la primera parte, al considerar que ambas partes del Plan B tuvieron los mismos procedimientos.<\/p>\n\n\n\n<p>Durante la dicusi\u00f3n la <strong>ministra Yasm\u00edn Esquivel <\/strong>acus\u00f3 que no se analiz\u00f3 el fondo de las reformas que se realizaron a cinco leyes electorales y por la expedici\u00f3n de una m\u00e1s, sinoque \u00fanicamente la forma en que se dio la discusi\u00f3n.<\/p>\n\n\n\n<p>Fuente: <a href=\"https:\/\/www.infobae.com\/mexico\/2023\/06\/22\/plan-b-electoral-de-amlo-scjn-lo-invalido-en-su-totalidad\/\" data-type=\"URL\" data-id=\"https:\/\/www.infobae.com\/mexico\/2023\/06\/22\/plan-b-electoral-de-amlo-scjn-lo-invalido-en-su-totalidad\/\">Infobae<\/a><\/p>\n","protected":false},"excerpt":{"rendered":"<p>El Pleno de la Suprema Corte de Justicia de la Naci\u00f3n (SCJN) invalid\u00f3 la totalidad del Plan B electoral del presidente Andr\u00e9s Manuel L\u00f3pez Obrador, luego de que discuti\u00f3 y sostuvo que hubo violaciones al procedimiento legislativo para la discusi\u00f3n de la segunda parte de las reformas. Por mayor\u00eda de votos, la Suprema Corte se [&hellip;]<\/p>\n","protected":false},"author":35,"featured_media":94835,"comment_status":"open","ping_status":"open","sticky":false,"template":"","format":"standard","meta":{"_monsterinsights_skip_tracking":false,"_monsterinsights_sitenote_active":false,"_monsterinsights_sitenote_note":"","_monsterinsights_sitenote_category":0,"footnotes":""},"categories":[158],"tags":[25908,21068,162,3194,14381],"class_list":["post-111253","post","type-post","status-publish","format-standard","has-post-thumbnail","hentry","category-politica","tag-invalido-2","tag-plan-b","tag-portada","tag-scjn","tag-totalidad","wp-image-borders"],"amp_enabled":true,"_links":{"self":[{"href":"https:\/\/nvnoticias.mx\/index.php\/wp-json\/wp\/v2\/posts\/111253","targetHints":{"allow":["GET"]}}],"collection":[{"href":"https:\/\/nvnoticias.mx\/index.php\/wp-json\/wp\/v2\/posts"}],"about":[{"href":"https:\/\/nvnoticias.mx\/index.php\/wp-json\/wp\/v2\/types\/post"}],"author":[{"embeddable":true,"href":"https:\/\/nvnoticias.mx\/index.php\/wp-json\/wp\/v2\/users\/35"}],"replies":[{"embeddable":true,"href":"https:\/\/nvnoticias.mx\/index.php\/wp-json\/wp\/v2\/comments?post=111253"}],"version-history":[{"count":1,"href":"https:\/\/nvnoticias.mx\/index.php\/wp-json\/wp\/v2\/posts\/111253\/revisions"}],"predecessor-version":[{"id":111263,"href":"https:\/\/nvnoticias.mx\/index.php\/wp-json\/wp\/v2\/posts\/111253\/revisions\/111263"}],"wp:featuredmedia":[{"embeddable":true,"href":"https:\/\/nvnoticias.mx\/index.php\/wp-json\/wp\/v2\/media\/94835"}],"wp:attachment":[{"href":"https:\/\/nvnoticias.mx\/index.php\/wp-json\/wp\/v2\/media?parent=111253"}],"wp:term":[{"taxonomy":"category","embeddable":true,"href":"https:\/\/nvnoticias.mx\/index.php\/wp-json\/wp\/v2\/categories?post=111253"},{"taxonomy":"post_tag","embeddable":true,"href":"https:\/\/nvnoticias.mx\/index.php\/wp-json\/wp\/v2\/tags?post=111253"}],"curies":[{"name":"wp","href":"https:\/\/api.w.org\/{rel}","templated":true}]}}