{"id":111249,"date":"2023-06-22T14:00:22","date_gmt":"2023-06-22T19:00:22","guid":{"rendered":"https:\/\/nvnoticias.mx\/?p=111249"},"modified":"2023-06-22T14:00:23","modified_gmt":"2023-06-22T19:00:23","slug":"afirma-monreal-que-omar-fayad-tendra-una-representacion-en-algun-lugar","status":"publish","type":"post","link":"https:\/\/nvnoticias.mx\/index.php\/2023\/06\/22\/afirma-monreal-que-omar-fayad-tendra-una-representacion-en-algun-lugar\/","title":{"rendered":"Afirma Monreal que Omar Fayad tendr\u00e1 una \u201crepresentaci\u00f3n en alg\u00fan lugar\u201d"},"content":{"rendered":"\n<p>Despu\u00e9s de la renuncia de todos los <strong>diputados locales<\/strong> y <strong>19 l\u00edderes<\/strong> locales del<strong> PRI <\/strong>en <strong>Hidalgo<\/strong>, el senador con licencia <strong>Ricardo Monreal <\/strong>dijo que no sabe si \u00e9stos se pasar\u00e1n a <strong>Morena<\/strong>, pero asegur\u00f3 que el <strong>exgobernador de Hidalgo, Omar Fayad<\/strong>, s\u00ed tendr\u00e1 una \u201crepresentaci\u00f3n en alg\u00fan lugar\u201d.<\/p>\n\n\n\n<p>Durante su gira por Tulancingo, Hidalgo, esta ma\u00f1ana, el aspirante a la candidatura presidencial, se\u00f1al\u00f3 que las autoridades dentro de Morena son las que decidir\u00e1n si los legisladores locales del PRI y sus l\u00edderes se adherir\u00e1n al partido del presidente Andr\u00e9s Manuel L\u00f3pez Obrador.<\/p>\n\n\n\n<blockquote class=\"wp-block-quote is-layout-flow wp-block-quote-is-layout-flow\"><p>\u201cNo lo s\u00e9 (si los priistas se unir\u00e1n a Morena), el partido lo va a decidir, pero lo que yo sab\u00eda es que le est\u00e1n planteando (a Omar Fayad) alguna representaci\u00f3n en alg\u00fan lugar, pero no sab\u00eda. No me quiero pronunciar, no quiero descalificar a nadie, pero es un asunto del partido\u201d, coment\u00f3 en su visita a la Plaza del Vestido.<\/p><\/blockquote>\n\n\n\n<p>A\u00f1adi\u00f3 que no le alegra la extinci\u00f3n del PRI en Hidalgo, porque el r\u00e9gimen de partidos es lo que fortalece a la Rep\u00fablica.<\/p>\n\n\n\n<blockquote class=\"wp-block-quote is-layout-flow wp-block-quote-is-layout-flow\"><p>\u201cEs un proceso de evoluci\u00f3n hacia la extinci\u00f3n, que a m\u00ed no me alegra, a m\u00ed me parece que lo que le conviene a una rep\u00fablica es su r\u00e9gimen de partidos, su fortaleza en su sistema de partidos, no que desaparezcan los partidos, y me da mucha tristeza porque el PRI, aqu\u00ed, era poderos\u00edsimo apenas hace unos a\u00f1os\u201d, subray\u00f3 Monreal \u00c1vila.<\/p><\/blockquote>\n\n\n\n<p>En otro tema, lament\u00f3 que el Consejo Nacional de Morena haya prohibido que hubiera debates entre los aspirantes a la candidatura presidencial de la coalici\u00f3n Juntos Haremos Historia; sin embargo, dijo que no pierde la esperanza de que puedan hacerlos m\u00e1s adelante.<\/p>\n\n\n\n<p>Fuente: <a href=\"https:\/\/www.eluniversal.com.mx\/elecciones\/monreal-afirma-que-omar-fayad-tendra-una-representacion-en-algun-lugar\/\" data-type=\"URL\" data-id=\"https:\/\/www.eluniversal.com.mx\/elecciones\/monreal-afirma-que-omar-fayad-tendra-una-representacion-en-algun-lugar\/\">El Universal<\/a><\/p>\n","protected":false},"excerpt":{"rendered":"<p>Despu\u00e9s de la renuncia de todos los diputados locales y 19 l\u00edderes locales del PRI en Hidalgo, el senador con licencia Ricardo Monreal dijo que no sabe si \u00e9stos se pasar\u00e1n a Morena, pero asegur\u00f3 que el exgobernador de Hidalgo, Omar Fayad, s\u00ed tendr\u00e1 una \u201crepresentaci\u00f3n en alg\u00fan lugar\u201d. Durante su gira por Tulancingo, Hidalgo, [&hellip;]<\/p>\n","protected":false},"author":35,"featured_media":19755,"comment_status":"open","ping_status":"open","sticky":false,"template":"","format":"standard","meta":{"_monsterinsights_skip_tracking":false,"_monsterinsights_sitenote_active":false,"_monsterinsights_sitenote_note":"","_monsterinsights_sitenote_category":0,"footnotes":""},"categories":[158],"tags":[10620,5281,13407,600],"class_list":["post-111249","post","type-post","status-publish","format-standard","has-post-thumbnail","hentry","category-politica","tag-afirma","tag-omar-fayad","tag-representacion","tag-ricardo-monreal","wp-image-borders"],"amp_enabled":true,"_links":{"self":[{"href":"https:\/\/nvnoticias.mx\/index.php\/wp-json\/wp\/v2\/posts\/111249","targetHints":{"allow":["GET"]}}],"collection":[{"href":"https:\/\/nvnoticias.mx\/index.php\/wp-json\/wp\/v2\/posts"}],"about":[{"href":"https:\/\/nvnoticias.mx\/index.php\/wp-json\/wp\/v2\/types\/post"}],"author":[{"embeddable":true,"href":"https:\/\/nvnoticias.mx\/index.php\/wp-json\/wp\/v2\/users\/35"}],"replies":[{"embeddable":true,"href":"https:\/\/nvnoticias.mx\/index.php\/wp-json\/wp\/v2\/comments?post=111249"}],"version-history":[{"count":1,"href":"https:\/\/nvnoticias.mx\/index.php\/wp-json\/wp\/v2\/posts\/111249\/revisions"}],"predecessor-version":[{"id":111250,"href":"https:\/\/nvnoticias.mx\/index.php\/wp-json\/wp\/v2\/posts\/111249\/revisions\/111250"}],"wp:featuredmedia":[{"embeddable":true,"href":"https:\/\/nvnoticias.mx\/index.php\/wp-json\/wp\/v2\/media\/19755"}],"wp:attachment":[{"href":"https:\/\/nvnoticias.mx\/index.php\/wp-json\/wp\/v2\/media?parent=111249"}],"wp:term":[{"taxonomy":"category","embeddable":true,"href":"https:\/\/nvnoticias.mx\/index.php\/wp-json\/wp\/v2\/categories?post=111249"},{"taxonomy":"post_tag","embeddable":true,"href":"https:\/\/nvnoticias.mx\/index.php\/wp-json\/wp\/v2\/tags?post=111249"}],"curies":[{"name":"wp","href":"https:\/\/api.w.org\/{rel}","templated":true}]}}