{"id":111231,"date":"2023-06-22T13:44:40","date_gmt":"2023-06-22T18:44:40","guid":{"rendered":"https:\/\/nvnoticias.mx\/?p=111231"},"modified":"2023-06-22T13:44:41","modified_gmt":"2023-06-22T18:44:41","slug":"piden-estudio-estructural-de-la-torre-pediatrica-el-quinto-piso-se-mueve","status":"publish","type":"post","link":"https:\/\/nvnoticias.mx\/index.php\/2023\/06\/22\/piden-estudio-estructural-de-la-torre-pediatrica-el-quinto-piso-se-mueve\/","title":{"rendered":"Piden estudio estructural De la Torre Pedi\u00e1trica; el quinto piso se mueve"},"content":{"rendered":"\n<p><strong>Jes\u00fas Utrilla \/ NV Noticias <\/strong><\/p>\n\n\n\n<p>Madres de ni\u00f1os con c\u00e1ncer han alertado sobre los temblores que se experimentan en el quinto piso del Hospital Infantil de Veracruz, solicitando un estudio estructural para prevenir posibles accidentes. <\/p>\n\n\n\n<p>Cora de Jes\u00fas Rodr\u00edguez, portavoz de las madres en el \u00e1rea de oncopediatr\u00eda, ha destacado la presencia de movimientos en el agua y en las paredes cuando las personas se apoyan en ellas, enfatizando la necesidad de que las autoridades tomen medidas adecuadas.<\/p>\n\n\n\n<blockquote class=\"wp-block-quote is-layout-flow wp-block-quote-is-layout-flow\"><p><em>&#8220;Es evidente que la torre presenta deficiencias estructurales, tal como se ha mencionado anteriormente. Nos preocupa que con el tiempo estas deficiencias empeoren o desencadenen algo m\u00e1s grave. Hace aproximadamente un mes comenzamos a sentir los temblores, incluso antes de que comenzaran los trabajos de mantenimiento&#8221;.<\/em><\/p><\/blockquote>\n\n\n\n<p>Aunque los temblores se limitan al quinto piso y no se han detectado grietas en las paredes, las autoridades han mostrado negligencia al negarse a reunirse con los padres para abordar la situaci\u00f3n en la Torre Pedi\u00e1trica.<\/p>\n\n\n\n<blockquote class=\"wp-block-quote is-layout-flow wp-block-quote-is-layout-flow\"><p><em>&#8220;Mi hija est\u00e1 actualmente ingresada, lo cual me genera temor. Es inquietante no saber qu\u00e9 est\u00e1 ocurriendo en el quinto piso. Queremos que el secretario de salud preste atenci\u00f3n a esta situaci\u00f3n&#8221;.<\/em><\/p><\/blockquote>\n\n\n\n<p>Adem\u00e1s, se ha denunciado p\u00fablicamente a trav\u00e9s de los medios de comunicaci\u00f3n que el nuevo director del hospital, Hugo Reyes Devesa, se niega a reunirse con los padres de los ni\u00f1os con c\u00e1ncer y muestra actitudes sarc\u00e1sticas y groseras hacia las personas.<\/p>\n\n\n\n<blockquote class=\"wp-block-quote is-layout-flow wp-block-quote-is-layout-flow\"><p>&#8220;Los constantes cambios de directores nos est\u00e1n afectando, ya que cada uno trae consigo su propio estilo de actuaci\u00f3n. Estamos cansados de luchar con este problema. Queremos cambios positivos, pero el nuevo director est\u00e1 evadiendo responsabilidades y no muestra disposici\u00f3n para colaborar con los padres del \u00e1rea de oncolog\u00eda&#8221;.<\/p><\/blockquote>\n\n\n\n<p>Por \u00faltimo, se ha considerado que los problemas con los elevadores se deben a la falta de recursos asignados para su mantenimiento.<\/p>\n","protected":false},"excerpt":{"rendered":"<p>Jes\u00fas Utrilla \/ NV Noticias Madres de ni\u00f1os con c\u00e1ncer han alertado sobre los temblores que se experimentan en el quinto piso del Hospital Infantil de Veracruz, solicitando un estudio estructural para prevenir posibles accidentes. Cora de Jes\u00fas Rodr\u00edguez, portavoz de las madres en el \u00e1rea de oncopediatr\u00eda, ha destacado la presencia de movimientos en [&hellip;]<\/p>\n","protected":false},"author":8,"featured_media":111233,"comment_status":"open","ping_status":"open","sticky":false,"template":"","format":"standard","meta":{"_monsterinsights_skip_tracking":false,"_monsterinsights_sitenote_active":false,"_monsterinsights_sitenote_note":"","_monsterinsights_sitenote_category":0,"footnotes":""},"categories":[154],"tags":[10376],"class_list":["post-111231","post","type-post","status-publish","format-standard","has-post-thumbnail","hentry","category-veracruz","tag-torre-pediatrica","wp-image-borders"],"amp_enabled":true,"_links":{"self":[{"href":"https:\/\/nvnoticias.mx\/index.php\/wp-json\/wp\/v2\/posts\/111231","targetHints":{"allow":["GET"]}}],"collection":[{"href":"https:\/\/nvnoticias.mx\/index.php\/wp-json\/wp\/v2\/posts"}],"about":[{"href":"https:\/\/nvnoticias.mx\/index.php\/wp-json\/wp\/v2\/types\/post"}],"author":[{"embeddable":true,"href":"https:\/\/nvnoticias.mx\/index.php\/wp-json\/wp\/v2\/users\/8"}],"replies":[{"embeddable":true,"href":"https:\/\/nvnoticias.mx\/index.php\/wp-json\/wp\/v2\/comments?post=111231"}],"version-history":[{"count":1,"href":"https:\/\/nvnoticias.mx\/index.php\/wp-json\/wp\/v2\/posts\/111231\/revisions"}],"predecessor-version":[{"id":111234,"href":"https:\/\/nvnoticias.mx\/index.php\/wp-json\/wp\/v2\/posts\/111231\/revisions\/111234"}],"wp:featuredmedia":[{"embeddable":true,"href":"https:\/\/nvnoticias.mx\/index.php\/wp-json\/wp\/v2\/media\/111233"}],"wp:attachment":[{"href":"https:\/\/nvnoticias.mx\/index.php\/wp-json\/wp\/v2\/media?parent=111231"}],"wp:term":[{"taxonomy":"category","embeddable":true,"href":"https:\/\/nvnoticias.mx\/index.php\/wp-json\/wp\/v2\/categories?post=111231"},{"taxonomy":"post_tag","embeddable":true,"href":"https:\/\/nvnoticias.mx\/index.php\/wp-json\/wp\/v2\/tags?post=111231"}],"curies":[{"name":"wp","href":"https:\/\/api.w.org\/{rel}","templated":true}]}}