{"id":111168,"date":"2023-06-21T20:16:21","date_gmt":"2023-06-22T01:16:21","guid":{"rendered":"https:\/\/nvnoticias.mx\/?p=111168"},"modified":"2023-06-21T20:16:22","modified_gmt":"2023-06-22T01:16:22","slug":"500-empresas-agremiadas-a-coparmex-veracruz-han-sido-afectadas-por-apagones","status":"publish","type":"post","link":"https:\/\/nvnoticias.mx\/index.php\/2023\/06\/21\/500-empresas-agremiadas-a-coparmex-veracruz-han-sido-afectadas-por-apagones\/","title":{"rendered":"500 empresas agremiadas a Coparmex Veracruz han sido afectadas por apagones"},"content":{"rendered":"\n<p>La Confederaci\u00f3n Patronal de la Rep\u00fablica Mexicana (Coparmex) en Veracruz ha sufrido una inmensa cantidad de afectaciones debido a los constantes apagones que sufre la zona conurbada, indic\u00f3 Manuel Lia\u00f1o Carrera, presidente de la Confederaci\u00f3n.<\/p>\n\n\n\n<p>Mencion\u00f3 que todas las empresas afiliadas a la Coparmex Veracruz han sido afectadas de manera directa o indirecta por dichos cortes de luz.<\/p>\n\n\n\n<p>Son 500 empresas las que pertenecen a la Coparmex Veracruz, de las cuales, algunas han tenido que suspender actividades por los problemas el\u00e9ctricos.<\/p>\n\n\n\n<blockquote class=\"wp-block-quote is-layout-flow wp-block-quote-is-layout-flow\"><p>&#8220;<em>Los colegios han anunciado por la ola de calor y porque no sirven los aires acondicionados que suspenden clases, los negocios han tenido que mantener cerrado durante dos o tres d\u00edas por la falta de energ\u00eda el\u00e9ctrica<\/em>&#8220;, coment\u00f3.<\/p><\/blockquote>\n\n\n\n<p>As\u00ed mismo destac\u00f3 que los peque\u00f1os y micro empresarios son los que m\u00e1s afectaciones tienen, as\u00ed como el comercio informal.<\/p>\n\n\n\n<p>Manifest\u00f3 que los empresarios est\u00e1n vinculados a la sociedad, por lo que apoyaran en las denuncias y haciendo propuestas para tener soluciones.<\/p>\n\n\n\n<blockquote class=\"wp-block-quote is-layout-flow wp-block-quote-is-layout-flow\"><p>&#8220;<em>Nosotros estamos por la v\u00eda del di\u00e1logo, de la conciliaci\u00f3n; hemos encontrado en las autoridades disposici\u00f3n para atender la problem\u00e1tica; necesitamos contar con los servicios de manera adecuada<\/em>&#8220;, agreg\u00f3.<\/p><\/blockquote>\n\n\n\n<p>Manuel Lia\u00f1o hizo un llamado a la Comisi\u00f3n Federal de Electricidad (CFE) para que resuelvan la problem\u00e1tica de luz de la mejor manera.<\/p>\n","protected":false},"excerpt":{"rendered":"<p>La Confederaci\u00f3n Patronal de la Rep\u00fablica Mexicana (Coparmex) en Veracruz ha sufrido una inmensa cantidad de afectaciones debido a los constantes apagones que sufre la zona conurbada, indic\u00f3 Manuel Lia\u00f1o Carrera, presidente de la Confederaci\u00f3n. Mencion\u00f3 que todas las empresas afiliadas a la Coparmex Veracruz han sido afectadas de manera directa o indirecta por dichos [&hellip;]<\/p>\n","protected":false},"author":8,"featured_media":111169,"comment_status":"open","ping_status":"open","sticky":false,"template":"","format":"standard","meta":{"_monsterinsights_skip_tracking":false,"_monsterinsights_sitenote_active":false,"_monsterinsights_sitenote_note":"","_monsterinsights_sitenote_category":0,"footnotes":""},"categories":[154],"tags":[1502,1421,180],"class_list":["post-111168","post","type-post","status-publish","format-standard","has-post-thumbnail","hentry","category-veracruz","tag-apagones","tag-coparmex","tag-veracruz","wp-image-borders"],"amp_enabled":true,"_links":{"self":[{"href":"https:\/\/nvnoticias.mx\/index.php\/wp-json\/wp\/v2\/posts\/111168","targetHints":{"allow":["GET"]}}],"collection":[{"href":"https:\/\/nvnoticias.mx\/index.php\/wp-json\/wp\/v2\/posts"}],"about":[{"href":"https:\/\/nvnoticias.mx\/index.php\/wp-json\/wp\/v2\/types\/post"}],"author":[{"embeddable":true,"href":"https:\/\/nvnoticias.mx\/index.php\/wp-json\/wp\/v2\/users\/8"}],"replies":[{"embeddable":true,"href":"https:\/\/nvnoticias.mx\/index.php\/wp-json\/wp\/v2\/comments?post=111168"}],"version-history":[{"count":1,"href":"https:\/\/nvnoticias.mx\/index.php\/wp-json\/wp\/v2\/posts\/111168\/revisions"}],"predecessor-version":[{"id":111170,"href":"https:\/\/nvnoticias.mx\/index.php\/wp-json\/wp\/v2\/posts\/111168\/revisions\/111170"}],"wp:featuredmedia":[{"embeddable":true,"href":"https:\/\/nvnoticias.mx\/index.php\/wp-json\/wp\/v2\/media\/111169"}],"wp:attachment":[{"href":"https:\/\/nvnoticias.mx\/index.php\/wp-json\/wp\/v2\/media?parent=111168"}],"wp:term":[{"taxonomy":"category","embeddable":true,"href":"https:\/\/nvnoticias.mx\/index.php\/wp-json\/wp\/v2\/categories?post=111168"},{"taxonomy":"post_tag","embeddable":true,"href":"https:\/\/nvnoticias.mx\/index.php\/wp-json\/wp\/v2\/tags?post=111168"}],"curies":[{"name":"wp","href":"https:\/\/api.w.org\/{rel}","templated":true}]}}