{"id":111158,"date":"2023-06-21T19:32:04","date_gmt":"2023-06-22T00:32:04","guid":{"rendered":"https:\/\/nvnoticias.mx\/?p=111158"},"modified":"2023-06-21T19:32:05","modified_gmt":"2023-06-22T00:32:05","slug":"checo-perez-fuera-del-top-en-ranking-de-la-f1-del-gp-de-canada","status":"publish","type":"post","link":"https:\/\/nvnoticias.mx\/index.php\/2023\/06\/21\/checo-perez-fuera-del-top-en-ranking-de-la-f1-del-gp-de-canada\/","title":{"rendered":"Checo P\u00e9rez, fuera del Top en Ranking de la F1 del GP de Canad\u00e1"},"content":{"rendered":"\n<p>La\u00a0F\u00f3rmula 1\u00a0dio a conocer el\u00a0Power Ranking del Gran Premio de Canad\u00e1\u00a0y el mexicano\u00a0Sergio P\u00e9rez\u00a0no figur\u00f3 entre los 10 mejores pilotos en su clasificaci\u00f3n, misma que fue liderada por\u00a0Alex Albon.<\/p>\n\n\n\n<p>P\u00e9rez\u00a0vivi\u00f3 un fin de semana para el olvido en el\u00a0Gran Premio de Canad\u00e1.\u00a0El piloto de\u00a0Red Bull\u00a0remont\u00f3 del doceavo al sexto lugar en una carrera que dej\u00f3 un sabor amargo para el mexicano, quien nunca encontr\u00f3 el ritmo y fue incapaz de pelear por el podio.<\/p>\n\n\n\n<blockquote class=\"wp-block-quote is-layout-flow wp-block-quote-is-layout-flow\"><p>&#8220;<em>No lo entiendo, tenemos que sentarnos a ver qu\u00e9 pasa<\/em>&#8220;, dijo P\u00e9rez a F1TV cuando termin\u00f3 el\u00a0Gran Premio en Montreal, luego no subir al podio.<\/p><\/blockquote>\n\n\n\n<p>Luego de tres carreras fuera de la Q3, con solamente 21 puntos recolectados en ese periodo,\u00a0Sergio P\u00e9rez\u00a0vive uno de los peores momentos en el equipo\u00a0Red Bull\u00a0y podr\u00eda ser considerado el m\u00e1s grave por el potencial que tiene en su monoplaza.<\/p>\n\n\n\n<p>Preocupa la mala racha de\u00a0Checo P\u00e9rez\u00a0teniendo el mejor monoplaza de la parrilla. Tres grandes premios consecutivos fuera de Q3 y tres carreras sin finalizar en el podio. Lo que en su momento era una obsesi\u00f3n de pelear por el mundial frente a Max Verstappen, se transform\u00f3 en su peor racha con\u00a0Red Bull\u00a0y\u00a0Fernando Alonso\u00a0est\u00e1 cerca de arrebatarle el subliderato. Perdido, presionado y sin una clara soluci\u00f3n, la\u00a0F1\u00a0se dirige a Europa donde hist\u00f3ricamente el mexicano no ha tenido los resultados esperados.<\/p>\n\n\n\n<p>Por otro lado, en la historia de\u00a0Red Bull, el equipo dirigido por\u00a0Christian Horner\u00a0alcanz\u00f3 100 victorias en el circuito y el m\u00e1ximo ganador es\u00a0Verstappen\u00a0con 41 banderas a cuadros, seguido por el alem\u00e1n\u00a0Sebastian Vettel\u00a0con 38,\u00a0Mark Webber\u00a0con 9,\u00a0Daniel Ricciardo\u00a0con 7 y\u00a0Sergio &#8216;Checo&#8217; P\u00e9rez\u00a0con 5.<\/p>\n\n\n\n<figure class=\"wp-block-embed aligncenter is-type-rich is-provider-twitter wp-block-embed-twitter\"><div class=\"wp-block-embed__wrapper\">\n<blockquote class=\"twitter-tweet\" data-width=\"550\" data-dnt=\"true\"><p lang=\"en\" dir=\"ltr\">\u26a1\ufe0f <a href=\"https:\/\/twitter.com\/aramco?ref_src=twsrc%5Etfw\">@Aramco<\/a> Power Rankings \u26a1\ufe0f<br><br>It\u2019s a perfect score for <a href=\"https:\/\/twitter.com\/alex_albon?ref_src=twsrc%5Etfw\">@alex_albon<\/a> in Montreal! \u2728<a href=\"https:\/\/twitter.com\/hashtag\/CanadianGP?src=hash&amp;ref_src=twsrc%5Etfw\">#CanadianGP<\/a> <a href=\"https:\/\/twitter.com\/hashtag\/F1?src=hash&amp;ref_src=twsrc%5Etfw\">#F1<\/a> <a href=\"https:\/\/t.co\/F8ckPiOnSm\">pic.twitter.com\/F8ckPiOnSm<\/a><\/p>&mdash; Formula 1 (@F1) <a href=\"https:\/\/twitter.com\/F1\/status\/1671499781582061574?ref_src=twsrc%5Etfw\">June 21, 2023<\/a><\/blockquote><script async src=\"https:\/\/platform.twitter.com\/widgets.js\" charset=\"utf-8\"><\/script>\n<\/div><\/figure>\n\n\n\n<p>Fuente: <a href=\"https:\/\/www.espn.com.mx\/deporte-motor\/f1\/nota\/_\/id\/12219105\/checo-perez-fuera-del-top-ten-ranking-f1-gran-premio-canada\">ESPN<\/a><\/p>\n","protected":false},"excerpt":{"rendered":"<p>La\u00a0F\u00f3rmula 1\u00a0dio a conocer el\u00a0Power Ranking del Gran Premio de Canad\u00e1\u00a0y el mexicano\u00a0Sergio P\u00e9rez\u00a0no figur\u00f3 entre los 10 mejores pilotos en su clasificaci\u00f3n, misma que fue liderada por\u00a0Alex Albon. P\u00e9rez\u00a0vivi\u00f3 un fin de semana para el olvido en el\u00a0Gran Premio de Canad\u00e1.\u00a0El piloto de\u00a0Red Bull\u00a0remont\u00f3 del doceavo al sexto lugar en una carrera que dej\u00f3 [&hellip;]<\/p>\n","protected":false},"author":8,"featured_media":51547,"comment_status":"open","ping_status":"open","sticky":false,"template":"","format":"standard","meta":{"_monsterinsights_skip_tracking":false,"_monsterinsights_sitenote_active":false,"_monsterinsights_sitenote_note":"","_monsterinsights_sitenote_category":0,"footnotes":""},"categories":[159],"tags":[2977,174,16199,25893],"class_list":["post-111158","post","type-post","status-publish","format-standard","has-post-thumbnail","hentry","category-deportes","tag-checo-perez","tag-formula-1","tag-gran-premio-de-canada","tag-top-ranking","wp-image-borders"],"amp_enabled":true,"_links":{"self":[{"href":"https:\/\/nvnoticias.mx\/index.php\/wp-json\/wp\/v2\/posts\/111158","targetHints":{"allow":["GET"]}}],"collection":[{"href":"https:\/\/nvnoticias.mx\/index.php\/wp-json\/wp\/v2\/posts"}],"about":[{"href":"https:\/\/nvnoticias.mx\/index.php\/wp-json\/wp\/v2\/types\/post"}],"author":[{"embeddable":true,"href":"https:\/\/nvnoticias.mx\/index.php\/wp-json\/wp\/v2\/users\/8"}],"replies":[{"embeddable":true,"href":"https:\/\/nvnoticias.mx\/index.php\/wp-json\/wp\/v2\/comments?post=111158"}],"version-history":[{"count":1,"href":"https:\/\/nvnoticias.mx\/index.php\/wp-json\/wp\/v2\/posts\/111158\/revisions"}],"predecessor-version":[{"id":111159,"href":"https:\/\/nvnoticias.mx\/index.php\/wp-json\/wp\/v2\/posts\/111158\/revisions\/111159"}],"wp:featuredmedia":[{"embeddable":true,"href":"https:\/\/nvnoticias.mx\/index.php\/wp-json\/wp\/v2\/media\/51547"}],"wp:attachment":[{"href":"https:\/\/nvnoticias.mx\/index.php\/wp-json\/wp\/v2\/media?parent=111158"}],"wp:term":[{"taxonomy":"category","embeddable":true,"href":"https:\/\/nvnoticias.mx\/index.php\/wp-json\/wp\/v2\/categories?post=111158"},{"taxonomy":"post_tag","embeddable":true,"href":"https:\/\/nvnoticias.mx\/index.php\/wp-json\/wp\/v2\/tags?post=111158"}],"curies":[{"name":"wp","href":"https:\/\/api.w.org\/{rel}","templated":true}]}}