{"id":111128,"date":"2023-06-21T14:49:45","date_gmt":"2023-06-21T19:49:45","guid":{"rendered":"https:\/\/nvnoticias.mx\/?p=111128"},"modified":"2023-06-21T14:49:46","modified_gmt":"2023-06-21T19:49:46","slug":"gastara-adan-augusto-2-5-mdp-de-sus-ahorros-para-gira-en-el-pais","status":"publish","type":"post","link":"https:\/\/nvnoticias.mx\/index.php\/2023\/06\/21\/gastara-adan-augusto-2-5-mdp-de-sus-ahorros-para-gira-en-el-pais\/","title":{"rendered":"Gastar\u00e1 Ad\u00e1n Augusto 2.5 mdp de sus ahorros para gira en el pa\u00eds"},"content":{"rendered":"\n<p class=\"wp-block-paragraph\">El ex secretario de Gobernaci\u00f3n, Ad\u00e1n Augusto L\u00f3pez, dijo que gastar\u00e1 de sus ahorros de 2 a 2 millones y medio de pesos para realizar las giras en busca de la Coordinaci\u00f3n de la Defensa de la Cuarta Transformaci\u00f3n, que se convertir\u00e1 en la candidatura presidencial de Morena.<\/p>\n\n\n\n<p class=\"wp-block-paragraph\">En una conferencia de prensa que se cit\u00f3 de \u00faltimo minuto en Aguascalientes, el tabasque\u00f1o insisti\u00f3 en que pidi\u00f3 a Morena se donen los 5 millones de pesos que se le entregar\u00edan como delegado para los recorridos, y que se le entregaron al resto de las denominadas &#8220;corcholatas&#8221;.<\/p>\n\n\n\n<p class=\"wp-block-paragraph\">A pregunta expresa, L\u00f3pez Hern\u00e1ndez detall\u00f3 que el gasto que haga, que estim\u00f3 entre 2 y 2 millones y medio, ser\u00e1 transparentando, &#8220;aunque no tengo obligaci\u00f3n&#8221;.<\/p>\n\n\n\n<p class=\"wp-block-paragraph\">En la rueda de medios, previo a trasladarse a Salamanca, Guanajuato, habl\u00f3 sobre seguridad y se\u00f1al\u00f3 que en dicha entidad no se podr\u00e1 hacer mucho al respecto por la falta de coordinaci\u00f3n con la federaci\u00f3n. En este mismo ejemplo puso a Chihuahua.<\/p>\n\n\n\n<p class=\"wp-block-paragraph\">Ambos, dijo, &#8220;son ejemplo de lo que no se debe hacer&#8221;.<\/p>\n\n\n\n<p class=\"wp-block-paragraph\">Al cuestionarlo sobre el gasto de espectaculares que han aparecido una vez que inici\u00f3 las giras, Ad\u00e1n Augusto L\u00f3pez se deslind\u00f3 y asegur\u00f3 que present\u00f3 una denuncia ante el Instituto Nacional Electoral para que investigue qui\u00e9n est\u00e1 detr\u00e1s de esa publicidad.<br><\/p>\n\n\n\n<p class=\"wp-block-paragraph\">Fuente: Milenio<\/p>\n","protected":false},"excerpt":{"rendered":"<p>El ex secretario de Gobernaci\u00f3n, Ad\u00e1n Augusto L\u00f3pez, dijo que gastar\u00e1 de sus ahorros de 2 a 2 millones y medio de pesos para realizar las giras en busca de la Coordinaci\u00f3n de la Defensa de la Cuarta Transformaci\u00f3n, que se convertir\u00e1 en la candidatura presidencial de Morena. En una conferencia de prensa que se [&hellip;]<\/p>\n","protected":false},"author":35,"featured_media":79773,"comment_status":"open","ping_status":"open","sticky":false,"template":"","format":"standard","meta":{"_monsterinsights_skip_tracking":false,"footnotes":""},"categories":[158],"tags":[16465,4826,25888,5203],"class_list":["post-111128","post","type-post","status-publish","format-standard","has-post-thumbnail","hentry","category-politica","tag-adan-augusto-lopez","tag-ahorros","tag-gastara","tag-pais","wp-image-borders"],"amp_enabled":true,"_links":{"self":[{"href":"https:\/\/nvnoticias.mx\/index.php\/wp-json\/wp\/v2\/posts\/111128","targetHints":{"allow":["GET"]}}],"collection":[{"href":"https:\/\/nvnoticias.mx\/index.php\/wp-json\/wp\/v2\/posts"}],"about":[{"href":"https:\/\/nvnoticias.mx\/index.php\/wp-json\/wp\/v2\/types\/post"}],"author":[{"embeddable":true,"href":"https:\/\/nvnoticias.mx\/index.php\/wp-json\/wp\/v2\/users\/35"}],"replies":[{"embeddable":true,"href":"https:\/\/nvnoticias.mx\/index.php\/wp-json\/wp\/v2\/comments?post=111128"}],"version-history":[{"count":1,"href":"https:\/\/nvnoticias.mx\/index.php\/wp-json\/wp\/v2\/posts\/111128\/revisions"}],"predecessor-version":[{"id":111135,"href":"https:\/\/nvnoticias.mx\/index.php\/wp-json\/wp\/v2\/posts\/111128\/revisions\/111135"}],"wp:featuredmedia":[{"embeddable":true,"href":"https:\/\/nvnoticias.mx\/index.php\/wp-json\/wp\/v2\/media\/79773"}],"wp:attachment":[{"href":"https:\/\/nvnoticias.mx\/index.php\/wp-json\/wp\/v2\/media?parent=111128"}],"wp:term":[{"taxonomy":"category","embeddable":true,"href":"https:\/\/nvnoticias.mx\/index.php\/wp-json\/wp\/v2\/categories?post=111128"},{"taxonomy":"post_tag","embeddable":true,"href":"https:\/\/nvnoticias.mx\/index.php\/wp-json\/wp\/v2\/tags?post=111128"}],"curies":[{"name":"wp","href":"https:\/\/api.w.org\/{rel}","templated":true}]}}