{"id":111125,"date":"2023-06-21T14:29:15","date_gmt":"2023-06-21T19:29:15","guid":{"rendered":"https:\/\/nvnoticias.mx\/?p=111125"},"modified":"2023-06-21T14:29:16","modified_gmt":"2023-06-21T19:29:16","slug":"llama-alcalde-de-boca-del-rio-a-racionar-el-agua-pues-siguen-los-trabajos-de-reparacion-desde-la-planta-tejar-ii","status":"publish","type":"post","link":"https:\/\/nvnoticias.mx\/index.php\/2023\/06\/21\/llama-alcalde-de-boca-del-rio-a-racionar-el-agua-pues-siguen-los-trabajos-de-reparacion-desde-la-planta-tejar-ii\/","title":{"rendered":"Llama alcalde de Boca del R\u00edo a racionar el agua, pues siguen los trabajos de reparaci\u00f3n desde la Planta Tejar II"},"content":{"rendered":"\n<p><strong>Jes\u00fas Utrilla \/ NV Noticias<\/strong><\/p>\n\n\n\n<p>La falta de agua en colonias de la zona conurbada Veracruz-Boca Del R\u00edo continuar\u00e1 debido a que, una vez que concluyan los trabajos de reparaci\u00f3n en la l\u00ednea de 42 pulgadas que transporta agua potable desde la Planta Tejar II hacia la zona conurbada, se deber\u00e1 esperar a que se regularice la presi\u00f3n y el suministro del vital l\u00edquido.<\/p>\n\n\n\n<p>El alcalde de Boca del R\u00edo, Juan Manuel de Unanue Abascal, llam\u00f3 a la comprensi\u00f3n de la ciudadan\u00eda sobre todo porque las reservas que hicieron del vital l\u00edquido comenzar\u00e1n a agotarse conforme pasen las horas.<\/p>\n\n\n\n<p>Dijo que de acuerdo con el Grupo Metropolitano del Agua, el problema podr\u00eda durar varias horas m\u00e1s de las que se hab\u00edan previsto para quedar resuelto.&nbsp;<\/p>\n\n\n\n<blockquote class=\"wp-block-quote is-layout-flow wp-block-quote-is-layout-flow\"><p>\u201c<em>Ahorita no hay quejas, pero va a traer estragos en cuanto comiencen a pasearse los tinacos de las casas y empiece a ver menos fluidez en las l\u00edneas de agua de la ciudad, va a generar afectaciones y molestias para las personas. Esperemos que les den celeridad a los trabajos<\/em>\u201d.<\/p><\/blockquote>\n\n\n\n<p>Record\u00f3 que el martes se hab\u00eda informado que los trabajos de reparaci\u00f3n de la fuga del ducto de 14 pulgadas estar\u00edan concluyendo durante el transcurso de la noche o madrugada, sin embargo, el mi\u00e9rcoles se inform\u00f3 que dichos trabajos habr\u00e1n de prolongarse.<\/p>\n\n\n\n<p>Con el tiempo se incrementar\u00e1 la necesidad del vital l\u00edquido por lo que a trav\u00e9s de los diferentes medios de comunicaci\u00f3n y las redes del ayuntamiento, estar\u00e1n informando a la ciudadan\u00eda el avance de los trabajos.<\/p>\n\n\n\n<p>Finalmente llam\u00f3 una vez m\u00e1s a Comisi\u00f3n Federal de Electricidad (CFE) a solucionar la falta de mantenimiento de la red el\u00e9ctrica y de sus instalaciones y es que son m\u00e1s de cuatro incendios de transformadores en el municipio.&nbsp;<\/p>\n\n\n\n<blockquote class=\"wp-block-quote is-layout-flow wp-block-quote-is-layout-flow\"><p>\u201c<em>Tuvimos el incendio de un transformador en Miguel Alem\u00e1n, frente a CFE de cabecera municipal. Tambi\u00e9n tuvimos dos incendios de transformadores en Costa de Oro la semana pasada y uno en la Tampiquera<\/em>\u201d.\u00a0\u00a0<\/p><\/blockquote>\n\n\n\n<p>Insisti\u00f3 en que se necesita modernizar el sistema el\u00e9ctrico de la ciudad.&nbsp;<\/p>\n","protected":false},"excerpt":{"rendered":"<p>Jes\u00fas Utrilla \/ NV Noticias La falta de agua en colonias de la zona conurbada Veracruz-Boca Del R\u00edo continuar\u00e1 debido a que, una vez que concluyan los trabajos de reparaci\u00f3n en la l\u00ednea de 42 pulgadas que transporta agua potable desde la Planta Tejar II hacia la zona conurbada, se deber\u00e1 esperar a que se [&hellip;]<\/p>\n","protected":false},"author":8,"featured_media":111126,"comment_status":"open","ping_status":"open","sticky":false,"template":"","format":"standard","meta":{"_monsterinsights_skip_tracking":false,"_monsterinsights_sitenote_active":false,"_monsterinsights_sitenote_note":"","_monsterinsights_sitenote_category":0,"footnotes":""},"categories":[154],"tags":[423,25885,2217,25884],"class_list":["post-111125","post","type-post","status-publish","format-standard","has-post-thumbnail","hentry","category-veracruz","tag-boca-del-rio","tag-fuga-de-agua","tag-medellin-de-bravo","tag-planta-tejar-ii","wp-image-borders"],"amp_enabled":true,"_links":{"self":[{"href":"https:\/\/nvnoticias.mx\/index.php\/wp-json\/wp\/v2\/posts\/111125","targetHints":{"allow":["GET"]}}],"collection":[{"href":"https:\/\/nvnoticias.mx\/index.php\/wp-json\/wp\/v2\/posts"}],"about":[{"href":"https:\/\/nvnoticias.mx\/index.php\/wp-json\/wp\/v2\/types\/post"}],"author":[{"embeddable":true,"href":"https:\/\/nvnoticias.mx\/index.php\/wp-json\/wp\/v2\/users\/8"}],"replies":[{"embeddable":true,"href":"https:\/\/nvnoticias.mx\/index.php\/wp-json\/wp\/v2\/comments?post=111125"}],"version-history":[{"count":1,"href":"https:\/\/nvnoticias.mx\/index.php\/wp-json\/wp\/v2\/posts\/111125\/revisions"}],"predecessor-version":[{"id":111127,"href":"https:\/\/nvnoticias.mx\/index.php\/wp-json\/wp\/v2\/posts\/111125\/revisions\/111127"}],"wp:featuredmedia":[{"embeddable":true,"href":"https:\/\/nvnoticias.mx\/index.php\/wp-json\/wp\/v2\/media\/111126"}],"wp:attachment":[{"href":"https:\/\/nvnoticias.mx\/index.php\/wp-json\/wp\/v2\/media?parent=111125"}],"wp:term":[{"taxonomy":"category","embeddable":true,"href":"https:\/\/nvnoticias.mx\/index.php\/wp-json\/wp\/v2\/categories?post=111125"},{"taxonomy":"post_tag","embeddable":true,"href":"https:\/\/nvnoticias.mx\/index.php\/wp-json\/wp\/v2\/tags?post=111125"}],"curies":[{"name":"wp","href":"https:\/\/api.w.org\/{rel}","templated":true}]}}