{"id":111084,"date":"2023-06-21T12:47:28","date_gmt":"2023-06-21T17:47:28","guid":{"rendered":"https:\/\/nvnoticias.mx\/?p=111084"},"modified":"2023-06-21T12:47:29","modified_gmt":"2023-06-21T17:47:29","slug":"la-secretaria-de-marina-armada-de-mexico-te-invita-a-celebrar-su-quinta-edicion-de-noche-de-museo","status":"publish","type":"post","link":"https:\/\/nvnoticias.mx\/index.php\/2023\/06\/21\/la-secretaria-de-marina-armada-de-mexico-te-invita-a-celebrar-su-quinta-edicion-de-noche-de-museo\/","title":{"rendered":"La Secretar\u00eda de Marina-Armada de M\u00e9xico te invita a celebrar su quinta edici\u00f3n de  Noche de Museo"},"content":{"rendered":"\n<p>La Secretar\u00eda de Marina-Armada de M\u00e9xico a trav\u00e9s de la Tercera Regi\u00f3n Naval, hace una cordial invitaci\u00f3n al p\u00fablico en general, para que asista a la quinta edici\u00f3n del programa cultural Noche de Museo <strong>\u201cNatalicio del General Brigadier de la Armada de M\u00e9xico Jos\u00e9 Mar\u00eda de la Vega<\/strong>\u201d, la cual se llevar\u00e1 a cabo el pr\u00f3ximo 24 de junio de 17:00 a 21:00 hrs. en las instalaciones del Museo Naval M\u00e9xico, ubicado en la calle Mariano Arista n\u00famero 418, colonia Centro de esta Ciudad y Puerto.&nbsp;<\/p>\n\n\n\n<p>Esta noche de Museo conmemora el natalicio del General Brigadier Jos\u00e9 Mar\u00eda de la Vega Gonz\u00e1lez, quien naci\u00f3 el 19 de junio de 1856 en Teotitl\u00e1n del Camino, Oaxaca. Citado marino formul\u00f3 el primer proyecto para la creaci\u00f3n de la Escuela Naval Militar, cuyo objetivo era impartir la educaci\u00f3n te\u00f3rica y pr\u00e1ctica a los alumnos que se dedicar\u00edan a la carrera de marino o maquinista de guerra y mercante, siendo esta, una invaluable aportaci\u00f3n que dej\u00f3 a la naci\u00f3n mexicana.<\/p>\n\n\n\n<p>El General de Divisi\u00f3n Jos\u00e9 Mar\u00eda de la Vega Gonz\u00e1lez, se retir\u00f3 del servicio en el Ej\u00e9rcito y de la Armada Nacional, posterior a ello, emprendi\u00f3 una nueva aventura en la Escuela de Medicina de M\u00e9xico, donde ingres\u00f3 para estudiar la carrera de m\u00e9dico. Desafortunadamente falleci\u00f3 en la Ciudad de M\u00e9xico en 1917 a la edad de 61 a\u00f1os. Actualmente sus restos descansan en la antigua Escuela Naval Militar, hoy Museo Hist\u00f3rico Naval de Veracruz.<\/p>\n\n\n\n<p>Como parte de esta Noche de Museo, el p\u00fablico en general podr\u00e1 visitar la sala \u201dFundaci\u00f3n de la Escuela Naval\u201d en la cual tendr\u00e1 la oportunidad de conocer el uniforme que port\u00f3 este destacado personaje de la Marina Nacional. De igual manera se contar\u00e1 con la exhibici\u00f3n de los binomios caninos, exposici\u00f3n de un stand del personal de Infanter\u00eda de Marina y sus veh\u00edculos blindados, donde podr\u00e1n conocer el equipo y trabajo que realiza este personal de la Armada de M\u00e9xico en pro de la defensa y seguridad del pa\u00eds.<\/p>\n\n\n\n<p>Asimismo, los visitantes podr\u00e1n disfrutar de una puesta en escena del Ballet Folcl\u00f3rico \u201cAlma Jarocha\u201d y un concierto por parte de la \u201cOrquesta Tradicional Moscovita\u201d; durante el evento el p\u00fablico infantil, podr\u00e1 participar en los diferentes juegos como la \u201cLoter\u00eda Naval, \u201cCabos y Escalas\u201d y del taller de lectura \u201cLos libros en verano\u201d.<\/p>\n\n\n\n<p>Secretar\u00eda de Marina, a trav\u00e9s del Museo Naval M\u00e9xico hace una atenta invitaci\u00f3n a la ciudadan\u00eda para ser parte de la historia de M\u00e9xico y conocer el museo virtual a trav\u00e9s de los siguientes enlaces:&nbsp;<\/p>\n\n\n\n<p><a href=\"https:\/\/www.gob.mx\/semar\/acciones-y-programas\/museos-navales-de-mexico\">https:\/\/www.gob.mx\/semar\/acciones<\/a><a href=\"https:\/\/www.gob.mx\/semar\/acciones-y-programas\/museos-navales-de-mexico\">&#8211;<\/a><a href=\"https:\/\/www.gob.mx\/semar\/acciones-y-programas\/museos-navales-de-mexico\">y<\/a><a href=\"https:\/\/www.gob.mx\/semar\/acciones-y-programas\/museos-navales-de-mexico\">&#8211;<\/a><a href=\"https:\/\/www.gob.mx\/semar\/acciones-y-programas\/museos-navales-de-mexico\">programas\/museos<\/a><a href=\"https:\/\/www.gob.mx\/semar\/acciones-y-programas\/museos-navales-de-mexico\">&#8211;<\/a><a href=\"https:\/\/www.gob.mx\/semar\/acciones-y-programas\/museos-navales-de-mexico\">navales<\/a><a href=\"https:\/\/www.gob.mx\/semar\/acciones-y-programas\/museos-navales-de-mexico\">&#8211;<\/a><a href=\"https:\/\/www.gob.mx\/semar\/acciones-y-programas\/museos-navales-de-mexico\">de<\/a><a href=\"https:\/\/www.gob.mx\/semar\/acciones-y-programas\/museos-navales-de-mexico\">&#8211;<\/a><a href=\"https:\/\/www.gob.mx\/semar\/acciones-y-programas\/museos-navales-de-mexico\">mexico<\/a><a href=\"https:\/\/www.gob.mx\/semar\/acciones-y-programas\/museos-navales-de-mexico\"> <\/a><a href=\"https:\/\/www.semar.gob.mx\/museonavalmexico\/index.htm\">https:\/\/www.semar.gob.mx\/museonavalmexico\/index.htm<\/a><a href=\"https:\/\/www.semar.gob.mx\/museonavalmexico\/index.htm\"><\/a><\/p>\n\n\n\n<p>Para mayor informaci\u00f3n, queda a su disposici\u00f3n el n\u00famero telef\u00f3nico 299 931 40 78, as\u00ed como el correo electr\u00f3nico museonavalmexico@semar.gob.mx.<\/p>\n\n\n\n<figure class=\"wp-block-gallery columns-3 is-cropped wp-block-gallery-1 is-layout-flex wp-block-gallery-is-layout-flex\"><ul class=\"blocks-gallery-grid\"><li class=\"blocks-gallery-item\"><figure><img loading=\"lazy\" decoding=\"async\" width=\"1024\" height=\"811\" src=\"https:\/\/nvnoticias.mx\/wp-content\/uploads\/2023\/06\/IMG-20230621-WA0011-1024x811.jpg\" alt=\"\" data-id=\"111089\" data-full-url=\"https:\/\/nvnoticias.mx\/wp-content\/uploads\/2023\/06\/IMG-20230621-WA0011.jpg\" data-link=\"https:\/\/nvnoticias.mx\/?attachment_id=111089\" class=\"wp-image-111089\" srcset=\"https:\/\/nvnoticias.mx\/wp-content\/uploads\/2023\/06\/IMG-20230621-WA0011-1024x811.jpg 1024w, https:\/\/nvnoticias.mx\/wp-content\/uploads\/2023\/06\/IMG-20230621-WA0011-300x238.jpg 300w, https:\/\/nvnoticias.mx\/wp-content\/uploads\/2023\/06\/IMG-20230621-WA0011-768x608.jpg 768w, https:\/\/nvnoticias.mx\/wp-content\/uploads\/2023\/06\/IMG-20230621-WA0011.jpg 1284w\" sizes=\"auto, (max-width: 1024px) 100vw, 1024px\" \/><\/figure><\/li><li class=\"blocks-gallery-item\"><figure><img loading=\"lazy\" decoding=\"async\" width=\"1024\" height=\"902\" src=\"https:\/\/nvnoticias.mx\/wp-content\/uploads\/2023\/06\/IMG-20230621-WA0010-1024x902.jpg\" alt=\"\" data-id=\"111088\" data-full-url=\"https:\/\/nvnoticias.mx\/wp-content\/uploads\/2023\/06\/IMG-20230621-WA0010.jpg\" data-link=\"https:\/\/nvnoticias.mx\/?attachment_id=111088\" class=\"wp-image-111088\" srcset=\"https:\/\/nvnoticias.mx\/wp-content\/uploads\/2023\/06\/IMG-20230621-WA0010-1024x902.jpg 1024w, https:\/\/nvnoticias.mx\/wp-content\/uploads\/2023\/06\/IMG-20230621-WA0010-300x264.jpg 300w, https:\/\/nvnoticias.mx\/wp-content\/uploads\/2023\/06\/IMG-20230621-WA0010-768x676.jpg 768w, https:\/\/nvnoticias.mx\/wp-content\/uploads\/2023\/06\/IMG-20230621-WA0010-1536x1353.jpg 1536w, https:\/\/nvnoticias.mx\/wp-content\/uploads\/2023\/06\/IMG-20230621-WA0010.jpg 1600w\" sizes=\"auto, (max-width: 1024px) 100vw, 1024px\" \/><\/figure><\/li><li class=\"blocks-gallery-item\"><figure><img loading=\"lazy\" decoding=\"async\" width=\"1024\" height=\"843\" src=\"https:\/\/nvnoticias.mx\/wp-content\/uploads\/2023\/06\/IMG-20230621-WA0008-1024x843.jpg\" alt=\"\" data-id=\"111087\" data-full-url=\"https:\/\/nvnoticias.mx\/wp-content\/uploads\/2023\/06\/IMG-20230621-WA0008.jpg\" data-link=\"https:\/\/nvnoticias.mx\/?attachment_id=111087\" class=\"wp-image-111087\" srcset=\"https:\/\/nvnoticias.mx\/wp-content\/uploads\/2023\/06\/IMG-20230621-WA0008-1024x843.jpg 1024w, https:\/\/nvnoticias.mx\/wp-content\/uploads\/2023\/06\/IMG-20230621-WA0008-300x247.jpg 300w, https:\/\/nvnoticias.mx\/wp-content\/uploads\/2023\/06\/IMG-20230621-WA0008-768x632.jpg 768w, https:\/\/nvnoticias.mx\/wp-content\/uploads\/2023\/06\/IMG-20230621-WA0008.jpg 1284w\" sizes=\"auto, (max-width: 1024px) 100vw, 1024px\" \/><\/figure><\/li><\/ul><\/figure>\n\n\n\n<p><\/p>\n","protected":false},"excerpt":{"rendered":"<p>La Secretar\u00eda de Marina-Armada de M\u00e9xico a trav\u00e9s de la Tercera Regi\u00f3n Naval, hace una cordial invitaci\u00f3n al p\u00fablico en general, para que asista a la quinta edici\u00f3n del programa cultural Noche de Museo \u201cNatalicio del General Brigadier de la Armada de M\u00e9xico Jos\u00e9 Mar\u00eda de la Vega\u201d, la cual se llevar\u00e1 a cabo el [&hellip;]<\/p>\n","protected":false},"author":35,"featured_media":111086,"comment_status":"open","ping_status":"open","sticky":false,"template":"","format":"standard","meta":{"_monsterinsights_skip_tracking":false,"_monsterinsights_sitenote_active":false,"_monsterinsights_sitenote_note":"","_monsterinsights_sitenote_category":0,"footnotes":""},"categories":[154],"tags":[14237,15082,25879,1149,25878],"class_list":["post-111084","post","type-post","status-publish","format-standard","has-post-thumbnail","hentry","category-veracruz","tag-celebrar","tag-noche-de-museo","tag-quinta-edicion","tag-secretaria-de-marina-armada-de-mexico","tag-te-invita","wp-image-borders"],"amp_enabled":true,"_links":{"self":[{"href":"https:\/\/nvnoticias.mx\/index.php\/wp-json\/wp\/v2\/posts\/111084","targetHints":{"allow":["GET"]}}],"collection":[{"href":"https:\/\/nvnoticias.mx\/index.php\/wp-json\/wp\/v2\/posts"}],"about":[{"href":"https:\/\/nvnoticias.mx\/index.php\/wp-json\/wp\/v2\/types\/post"}],"author":[{"embeddable":true,"href":"https:\/\/nvnoticias.mx\/index.php\/wp-json\/wp\/v2\/users\/35"}],"replies":[{"embeddable":true,"href":"https:\/\/nvnoticias.mx\/index.php\/wp-json\/wp\/v2\/comments?post=111084"}],"version-history":[{"count":3,"href":"https:\/\/nvnoticias.mx\/index.php\/wp-json\/wp\/v2\/posts\/111084\/revisions"}],"predecessor-version":[{"id":111091,"href":"https:\/\/nvnoticias.mx\/index.php\/wp-json\/wp\/v2\/posts\/111084\/revisions\/111091"}],"wp:featuredmedia":[{"embeddable":true,"href":"https:\/\/nvnoticias.mx\/index.php\/wp-json\/wp\/v2\/media\/111086"}],"wp:attachment":[{"href":"https:\/\/nvnoticias.mx\/index.php\/wp-json\/wp\/v2\/media?parent=111084"}],"wp:term":[{"taxonomy":"category","embeddable":true,"href":"https:\/\/nvnoticias.mx\/index.php\/wp-json\/wp\/v2\/categories?post=111084"},{"taxonomy":"post_tag","embeddable":true,"href":"https:\/\/nvnoticias.mx\/index.php\/wp-json\/wp\/v2\/tags?post=111084"}],"curies":[{"name":"wp","href":"https:\/\/api.w.org\/{rel}","templated":true}]}}