{"id":111026,"date":"2023-06-20T18:42:42","date_gmt":"2023-06-20T23:42:42","guid":{"rendered":"https:\/\/nvnoticias.mx\/?p=111026"},"modified":"2023-06-20T18:42:42","modified_gmt":"2023-06-20T23:42:42","slug":"osito-de-peluche-con-botas-alemanas-la-mascota-de-la-eurocopa-2024","status":"publish","type":"post","link":"https:\/\/nvnoticias.mx\/index.php\/2023\/06\/20\/osito-de-peluche-con-botas-alemanas-la-mascota-de-la-eurocopa-2024\/","title":{"rendered":"Osito de peluche con botas alemanas, la mascota de la Eurocopa 2024"},"content":{"rendered":"\n<p>La mascota elegida para la\u00a0Eurocopa 2024,\u00a0que acoger\u00e1 Alemania, ser\u00e1 un osito de peluche con botas de f\u00fatbol con los colores de la bandera alemana -negro, rojo y amarillo-, anunci\u00f3 este martes la UEFA.<\/p>\n\n\n\n<p>La emblem\u00e1tica figura, que a\u00fan no tiene nombre, ser\u00e1 presentada oficialmente al p\u00fablico en el partido amistoso que disputan este martes las selecciones de\u00a0Alemania y Colombia, en el estadio de\u00a0Gelsenkirchen\u00a0(oeste).<\/p>\n\n\n\n<p>El oso de peluche, com\u00fanmente conocido como\u00a0Teddy,\u00a0es una especie de s\u00edmbolo oficioso alem\u00e1n desde principios del siglo pasado, asumido como mascota por ni\u00f1os de todo el mundo, recuerda la UEFA. <\/p>\n\n\n\n<p>El partido contra Colombia ser\u00e1 la tercera y \u00faltima oportunidad del t\u00e9cnico\u00a0Hansi Flick\u00a0para reconciliarse con la afici\u00f3n tras una decepcionante ronda de amistosos que abri\u00f3 Alemania contra\u00a0Ucrania\u00a0-que termin\u00f3 en empate (3-3) y sigui\u00f3 con la derrota ante Polonia (1-0).<\/p>\n\n\n\n<p>Flick es objeto de duras cr\u00edticas, aunque desde la\u00a0Federaci\u00f3n Alemana de F\u00fatbol\u00a0(DFB) se ha expresado el respaldo al seleccionador, a menos de un a\u00f1o del inicio de la Eurocopa que se abrir\u00e1 el 14 de junio en M\u00fanich y se cerrar\u00e1 un mes despu\u00e9s en Berl\u00edn.<\/p>\n\n\n\n<p>Fuente: <a href=\"https:\/\/www.tudn.com\/futbol\/uefa-euro-2024\/mascota-de-la-eurocopa-2024-sera-un-osito-de-peluche-con-botas-alemanas\">TUDN<\/a><\/p>\n","protected":false},"excerpt":{"rendered":"<p>La mascota elegida para la\u00a0Eurocopa 2024,\u00a0que acoger\u00e1 Alemania, ser\u00e1 un osito de peluche con botas de f\u00fatbol con los colores de la bandera alemana -negro, rojo y amarillo-, anunci\u00f3 este martes la UEFA. La emblem\u00e1tica figura, que a\u00fan no tiene nombre, ser\u00e1 presentada oficialmente al p\u00fablico en el partido amistoso que disputan este martes las [&hellip;]<\/p>\n","protected":false},"author":8,"featured_media":111027,"comment_status":"open","ping_status":"open","sticky":false,"template":"","format":"standard","meta":{"_monsterinsights_skip_tracking":false,"_monsterinsights_sitenote_active":false,"_monsterinsights_sitenote_note":"","_monsterinsights_sitenote_category":0,"footnotes":""},"categories":[159],"tags":[4449,19494,19987],"class_list":["post-111026","post","type-post","status-publish","format-standard","has-post-thumbnail","hentry","category-deportes","tag-alemania","tag-eurocopa-2024","tag-mascota","wp-image-borders"],"amp_enabled":true,"_links":{"self":[{"href":"https:\/\/nvnoticias.mx\/index.php\/wp-json\/wp\/v2\/posts\/111026","targetHints":{"allow":["GET"]}}],"collection":[{"href":"https:\/\/nvnoticias.mx\/index.php\/wp-json\/wp\/v2\/posts"}],"about":[{"href":"https:\/\/nvnoticias.mx\/index.php\/wp-json\/wp\/v2\/types\/post"}],"author":[{"embeddable":true,"href":"https:\/\/nvnoticias.mx\/index.php\/wp-json\/wp\/v2\/users\/8"}],"replies":[{"embeddable":true,"href":"https:\/\/nvnoticias.mx\/index.php\/wp-json\/wp\/v2\/comments?post=111026"}],"version-history":[{"count":1,"href":"https:\/\/nvnoticias.mx\/index.php\/wp-json\/wp\/v2\/posts\/111026\/revisions"}],"predecessor-version":[{"id":111028,"href":"https:\/\/nvnoticias.mx\/index.php\/wp-json\/wp\/v2\/posts\/111026\/revisions\/111028"}],"wp:featuredmedia":[{"embeddable":true,"href":"https:\/\/nvnoticias.mx\/index.php\/wp-json\/wp\/v2\/media\/111027"}],"wp:attachment":[{"href":"https:\/\/nvnoticias.mx\/index.php\/wp-json\/wp\/v2\/media?parent=111026"}],"wp:term":[{"taxonomy":"category","embeddable":true,"href":"https:\/\/nvnoticias.mx\/index.php\/wp-json\/wp\/v2\/categories?post=111026"},{"taxonomy":"post_tag","embeddable":true,"href":"https:\/\/nvnoticias.mx\/index.php\/wp-json\/wp\/v2\/tags?post=111026"}],"curies":[{"name":"wp","href":"https:\/\/api.w.org\/{rel}","templated":true}]}}