{"id":110948,"date":"2023-06-20T15:26:56","date_gmt":"2023-06-20T20:26:56","guid":{"rendered":"https:\/\/nvnoticias.mx\/?p=110948"},"modified":"2023-06-20T15:26:58","modified_gmt":"2023-06-20T20:26:58","slug":"realizan-ceremonia-a-12-anos-del-asesinato-de-milo-vela-y-su-familia","status":"publish","type":"post","link":"https:\/\/nvnoticias.mx\/index.php\/2023\/06\/20\/realizan-ceremonia-a-12-anos-del-asesinato-de-milo-vela-y-su-familia\/","title":{"rendered":"Realizan ceremonia a 12 a\u00f1os del asesinato de Milo Vela y su familia"},"content":{"rendered":"\n<p><strong>Jes\u00fas Utrilla \/ NV Noticias <\/strong><\/p>\n\n\n\n<p>Yazm\u00edn L\u00f3pez Solana, hija del columnista Miguel \u00c1ngel L\u00f3pez Velasco, conocido como &#8220;Milo Vela&#8221;, demand\u00f3 justicia en el duod\u00e9cimo aniversario del asesinato de su padre, madre y uno de sus hermanos. <\/p>\n\n\n\n<p>Aunque reconoci\u00f3 que los hechos ocurrieron durante otra administraci\u00f3n, solicit\u00f3 una disculpa p\u00fablica por parte del gobernador Cuitl\u00e1huac Garc\u00eda Jim\u00e9nez, ya que las autoridades nunca mostraron inter\u00e9s en resolver el caso ni en alcanzar la justicia que merecen.<\/p>\n\n\n\n<p>Ella asisti\u00f3 a la ceremonia conmemorativa fuera de las Atarazanas en honor al periodista veracruzano Miguel \u00c1ngel L\u00f3pez Velasco.<\/p>\n\n\n\n<p>Denunci\u00f3 que hasta el d\u00eda de hoy no hay ninguna persona condenada por este crimen, y adem\u00e1s, el levantamiento de los cuerpos no se llev\u00f3 a cabo correctamente, lo cual fue una negligencia grave. <\/p>\n\n\n\n<p>Fue la propia familia quien tuvo que limpiar la sangre y recoger los fragmentos de dientes y balas en su hogar. En la Fiscal\u00eda General del Estado (FGE), desconocen los detalles de la investigaci\u00f3n, ya que est\u00e1 archivada, y la familia solo recibe respuestas insatisfactorias que no alivian su dolor.<\/p>\n\n\n\n<blockquote class=\"wp-block-quote is-layout-flow wp-block-quote-is-layout-flow\"><p><em>&#8220;Mi t\u00eda recolect\u00f3 los fragmentos dentales y nosotros limpiamos la sangre. Yolanda Ordaz nos prometi\u00f3 que regresar\u00edan, pero nunca lo hicieron. Nuestra angustia y dolor se prolongaron durante d\u00edas y meses. Fue mi t\u00eda quien recolect\u00f3 las balas&#8221;.<\/em><\/p><\/blockquote>\n\n\n\n<p>Yazm\u00edn record\u00f3 que su hermano Miguel tuvo que exiliarse en el extranjero hace 12 a\u00f1os debido a la dif\u00edcil situaci\u00f3n que estaban enfrentando.<\/p>\n\n\n\n<p>En septiembre de 2022, el Tribunal de los Pueblos en La Haya declar\u00f3 al Estado Mexicano culpable de negligencias, falta de investigaci\u00f3n y falta de reparaci\u00f3n a las v\u00edctimas en el caso del homicidio de Milo Vela.<\/p>\n\n\n\n<blockquote class=\"wp-block-quote is-layout-flow wp-block-quote-is-layout-flow\"><p>&#8220;La experiencia en La Haya fue un juicio que nunca tuvimos en Veracruz. Alivi\u00f3 mi alma y si el gobernador ofrece una disculpa p\u00fablica, ser\u00e1 como un b\u00e1lsamo para el alma despu\u00e9s de tantas acusaciones, porque despu\u00e9s del fallecimiento, la familia sufri\u00f3 el se\u00f1alamiento de la sociedad&#8221;.<\/p><\/blockquote>\n","protected":false},"excerpt":{"rendered":"<p>Jes\u00fas Utrilla \/ NV Noticias Yazm\u00edn L\u00f3pez Solana, hija del columnista Miguel \u00c1ngel L\u00f3pez Velasco, conocido como &#8220;Milo Vela&#8221;, demand\u00f3 justicia en el duod\u00e9cimo aniversario del asesinato de su padre, madre y uno de sus hermanos. Aunque reconoci\u00f3 que los hechos ocurrieron durante otra administraci\u00f3n, solicit\u00f3 una disculpa p\u00fablica por parte del gobernador Cuitl\u00e1huac Garc\u00eda [&hellip;]<\/p>\n","protected":false},"author":8,"featured_media":110949,"comment_status":"open","ping_status":"open","sticky":false,"template":"","format":"standard","meta":{"_monsterinsights_skip_tracking":false,"_monsterinsights_sitenote_active":false,"_monsterinsights_sitenote_note":"","_monsterinsights_sitenote_category":0,"footnotes":""},"categories":[154],"tags":[3044,1431,25851],"class_list":["post-110948","post","type-post","status-publish","format-standard","has-post-thumbnail","hentry","category-veracruz","tag-aniversario","tag-asesinato","tag-milo-vela","wp-image-borders"],"amp_enabled":true,"_links":{"self":[{"href":"https:\/\/nvnoticias.mx\/index.php\/wp-json\/wp\/v2\/posts\/110948","targetHints":{"allow":["GET"]}}],"collection":[{"href":"https:\/\/nvnoticias.mx\/index.php\/wp-json\/wp\/v2\/posts"}],"about":[{"href":"https:\/\/nvnoticias.mx\/index.php\/wp-json\/wp\/v2\/types\/post"}],"author":[{"embeddable":true,"href":"https:\/\/nvnoticias.mx\/index.php\/wp-json\/wp\/v2\/users\/8"}],"replies":[{"embeddable":true,"href":"https:\/\/nvnoticias.mx\/index.php\/wp-json\/wp\/v2\/comments?post=110948"}],"version-history":[{"count":1,"href":"https:\/\/nvnoticias.mx\/index.php\/wp-json\/wp\/v2\/posts\/110948\/revisions"}],"predecessor-version":[{"id":110950,"href":"https:\/\/nvnoticias.mx\/index.php\/wp-json\/wp\/v2\/posts\/110948\/revisions\/110950"}],"wp:featuredmedia":[{"embeddable":true,"href":"https:\/\/nvnoticias.mx\/index.php\/wp-json\/wp\/v2\/media\/110949"}],"wp:attachment":[{"href":"https:\/\/nvnoticias.mx\/index.php\/wp-json\/wp\/v2\/media?parent=110948"}],"wp:term":[{"taxonomy":"category","embeddable":true,"href":"https:\/\/nvnoticias.mx\/index.php\/wp-json\/wp\/v2\/categories?post=110948"},{"taxonomy":"post_tag","embeddable":true,"href":"https:\/\/nvnoticias.mx\/index.php\/wp-json\/wp\/v2\/tags?post=110948"}],"curies":[{"name":"wp","href":"https:\/\/api.w.org\/{rel}","templated":true}]}}