{"id":110926,"date":"2023-06-20T13:44:25","date_gmt":"2023-06-20T18:44:25","guid":{"rendered":"https:\/\/nvnoticias.mx\/?p=110926"},"modified":"2023-06-20T13:44:27","modified_gmt":"2023-06-20T18:44:27","slug":"anuncia-taylor-swift-mas-fechas-internacionales-para-the-eras-tour","status":"publish","type":"post","link":"https:\/\/nvnoticias.mx\/index.php\/2023\/06\/20\/anuncia-taylor-swift-mas-fechas-internacionales-para-the-eras-tour\/","title":{"rendered":"Anuncia Taylor Swift m\u00e1s fechas internacionales para &#8220;The Eras Tour&#8221;"},"content":{"rendered":"\n<p>Despu\u00e9s de enloquecer a sus fans latinoamericanos al anunciar fechas en M\u00e9xico, Argentina y Brasil<strong>, Taylor Swift<\/strong> a trav\u00e9s de sus redes sociales, ha confirmado lo que muchos de sus fans llevaban esperaban, pues finalmente <strong>The Eras Tour<\/strong> saldr\u00e1 del continente americano<\/p>\n\n\n\n<p>A trav\u00e9s de un anuncio en sus redes sociales, la artista estadounidense ha revelado las fechas en las que pisar\u00e1 Europa, Asia y Ocean\u00eda con su gira m\u00e1s grande, completo y ambiciosa hasta la fecha. De esta forma, las fechas de su nueva gira no dejan de ampliarse.<\/p>\n\n\n\n<blockquote class=\"twitter-tweet\"><p lang=\"en\" dir=\"ltr\">It\u2019s you and her\u2026 that\u2019s her whole world. ????<br><br>Taylor is bringing <a href=\"https:\/\/twitter.com\/hashtag\/TSTheErasTour?src=hash&amp;ref_src=twsrc%5Etfw\">#TSTheErasTour<\/a> to Japan, Australia, Singapore, Europe, and the UK in 2024! Sabrina Carpenter will be joining on select dates.<br><br>Visit <a href=\"https:\/\/t.co\/K1TMzUp3uY\">https:\/\/t.co\/K1TMzUp3uY<\/a> for more info! <a href=\"https:\/\/t.co\/QQVcl0FiHs\">pic.twitter.com\/QQVcl0FiHs<\/a><\/p>&mdash; Taylor Nation (@taylornation13) <a href=\"https:\/\/twitter.com\/taylornation13\/status\/1671188702867992590?ref_src=twsrc%5Etfw\">June 20, 2023<\/a><\/blockquote> <script async src=\"https:\/\/platform.twitter.com\/widgets.js\" charset=\"utf-8\"><\/script> \n\n\n\n<p>Fuente: <a href=\"https:\/\/www.zocalo.com.mx\/swifties-internacionales-agarrense-fuerte-taylor-swift-anuncia-nuevas-fechas-de-the-eras-tour\/\" data-type=\"URL\" data-id=\"https:\/\/www.zocalo.com.mx\/swifties-internacionales-agarrense-fuerte-taylor-swift-anuncia-nuevas-fechas-de-the-eras-tour\/\">Z\u00f3calo<\/a><\/p>\n","protected":false},"excerpt":{"rendered":"<p>Despu\u00e9s de enloquecer a sus fans latinoamericanos al anunciar fechas en M\u00e9xico, Argentina y Brasil, Taylor Swift a trav\u00e9s de sus redes sociales, ha confirmado lo que muchos de sus fans llevaban esperaban, pues finalmente The Eras Tour saldr\u00e1 del continente americano A trav\u00e9s de un anuncio en sus redes sociales, la artista estadounidense ha [&hellip;]<\/p>\n","protected":false},"author":35,"featured_media":99533,"comment_status":"open","ping_status":"open","sticky":false,"template":"","format":"standard","meta":{"_monsterinsights_skip_tracking":false,"_monsterinsights_sitenote_active":false,"_monsterinsights_sitenote_note":"","_monsterinsights_sitenote_category":0,"footnotes":""},"categories":[576],"tags":[7791,7924,13358,25846,20707],"class_list":["post-110926","post","type-post","status-publish","format-standard","has-post-thumbnail","hentry","category-ocio","tag-anuncia","tag-fechas","tag-internacionales","tag-tayor-swift","tag-the-eras-tour","wp-image-borders"],"amp_enabled":true,"_links":{"self":[{"href":"https:\/\/nvnoticias.mx\/index.php\/wp-json\/wp\/v2\/posts\/110926","targetHints":{"allow":["GET"]}}],"collection":[{"href":"https:\/\/nvnoticias.mx\/index.php\/wp-json\/wp\/v2\/posts"}],"about":[{"href":"https:\/\/nvnoticias.mx\/index.php\/wp-json\/wp\/v2\/types\/post"}],"author":[{"embeddable":true,"href":"https:\/\/nvnoticias.mx\/index.php\/wp-json\/wp\/v2\/users\/35"}],"replies":[{"embeddable":true,"href":"https:\/\/nvnoticias.mx\/index.php\/wp-json\/wp\/v2\/comments?post=110926"}],"version-history":[{"count":1,"href":"https:\/\/nvnoticias.mx\/index.php\/wp-json\/wp\/v2\/posts\/110926\/revisions"}],"predecessor-version":[{"id":110927,"href":"https:\/\/nvnoticias.mx\/index.php\/wp-json\/wp\/v2\/posts\/110926\/revisions\/110927"}],"wp:featuredmedia":[{"embeddable":true,"href":"https:\/\/nvnoticias.mx\/index.php\/wp-json\/wp\/v2\/media\/99533"}],"wp:attachment":[{"href":"https:\/\/nvnoticias.mx\/index.php\/wp-json\/wp\/v2\/media?parent=110926"}],"wp:term":[{"taxonomy":"category","embeddable":true,"href":"https:\/\/nvnoticias.mx\/index.php\/wp-json\/wp\/v2\/categories?post=110926"},{"taxonomy":"post_tag","embeddable":true,"href":"https:\/\/nvnoticias.mx\/index.php\/wp-json\/wp\/v2\/tags?post=110926"}],"curies":[{"name":"wp","href":"https:\/\/api.w.org\/{rel}","templated":true}]}}