{"id":110903,"date":"2023-06-20T12:05:22","date_gmt":"2023-06-20T17:05:22","guid":{"rendered":"https:\/\/nvnoticias.mx\/?p=110903"},"modified":"2023-06-20T12:05:24","modified_gmt":"2023-06-20T17:05:24","slug":"marath-baruch-bolanos-sera-el-nuevo-secretario-del-trabajo","status":"publish","type":"post","link":"https:\/\/nvnoticias.mx\/index.php\/2023\/06\/20\/marath-baruch-bolanos-sera-el-nuevo-secretario-del-trabajo\/","title":{"rendered":"Marath Baruch Bola\u00f1os ser\u00e1 el nuevo secretario del Trabajo"},"content":{"rendered":"\n<p>L\u00f3pez Obrador nombr\u00f3 a\u00a0<strong>Marath Baruch Bola\u00f1os<\/strong>, actual subsecretario del Trabajo y Previsi\u00f3n Social como el nuevo titular de la dependencia tras la salida de\u00a0Luisa Mar\u00eda Alcalde, quien se convertir\u00e1 en la nueva secretaria de Gobernaci\u00f3n.<\/p>\n\n\n\n<blockquote class=\"wp-block-quote is-layout-flow wp-block-quote-is-layout-flow\"><p>\u201cOjal\u00e1 sigamos as\u00ed, que nos ayuden mujeres, ya es igual el n\u00famero de hombres que de mujeres en el gabinete, eso nunca hab\u00eda sucedido en la historia del pa\u00eds y lo otro es que est\u00e1n entrando j\u00f3venes, en el caso de Marath es joven, creo que tiene la misma edad que Luisa Mar\u00eda y es el relevo generacional\u201d, coment\u00f3 el mandatario y adelant\u00f3 que ma\u00f1ana dar\u00e1 a conocer una nueva designaci\u00f3n.<\/p><\/blockquote>\n\n\n\n<p>Marath Baruch Bola\u00f1os cuenta con experiencia como servidor p\u00fablico, docente y representante ciudadano. Actualmente es el encargado del programa J\u00f3venes Construyendo el Futuro dentro de la Secretar\u00eda del Trabajo y se desempe\u00f1\u00f3 como secretario particular del Secretario de Relaciones Exteriores del 1 de diciembre de 2018 al 30 de septiembre del 2020. Tambi\u00e9n fue diputado de Morena en la Asamblea Constituyente, encargada de la elaboraci\u00f3n de la Primera Constituci\u00f3n Pol\u00edtica de la Ciudad de M\u00e9xico, en el per\u00edodo 2016 al 2017.<\/p>\n\n\n\n<p>Fuente: <a href=\"https:\/\/www.elfinanciero.com.mx\/nacional\/2023\/06\/20\/amlo-mananera-temas-hoy-20-junio-2023-en-vivo\/?outputType=amp\" data-type=\"URL\" data-id=\"https:\/\/www.elfinanciero.com.mx\/nacional\/2023\/06\/20\/amlo-mananera-temas-hoy-20-junio-2023-en-vivo\/?outputType=amp\">El Financiero<\/a> <\/p>\n","protected":false},"excerpt":{"rendered":"<p>L\u00f3pez Obrador nombr\u00f3 a\u00a0Marath Baruch Bola\u00f1os, actual subsecretario del Trabajo y Previsi\u00f3n Social como el nuevo titular de la dependencia tras la salida de\u00a0Luisa Mar\u00eda Alcalde, quien se convertir\u00e1 en la nueva secretaria de Gobernaci\u00f3n. \u201cOjal\u00e1 sigamos as\u00ed, que nos ayuden mujeres, ya es igual el n\u00famero de hombres que de mujeres en el gabinete, [&hellip;]<\/p>\n","protected":false},"author":35,"featured_media":110905,"comment_status":"open","ping_status":"open","sticky":false,"template":"","format":"standard","meta":{"_monsterinsights_skip_tracking":false,"_monsterinsights_sitenote_active":false,"_monsterinsights_sitenote_note":"","_monsterinsights_sitenote_category":0,"footnotes":""},"categories":[158],"tags":[25834,8003,162,25835],"class_list":["post-110903","post","type-post","status-publish","format-standard","has-post-thumbnail","hentry","category-politica","tag-marath-baruch-bolanos","tag-nuevo","tag-portada","tag-secretario-del-trabajo","wp-image-borders"],"amp_enabled":true,"_links":{"self":[{"href":"https:\/\/nvnoticias.mx\/index.php\/wp-json\/wp\/v2\/posts\/110903","targetHints":{"allow":["GET"]}}],"collection":[{"href":"https:\/\/nvnoticias.mx\/index.php\/wp-json\/wp\/v2\/posts"}],"about":[{"href":"https:\/\/nvnoticias.mx\/index.php\/wp-json\/wp\/v2\/types\/post"}],"author":[{"embeddable":true,"href":"https:\/\/nvnoticias.mx\/index.php\/wp-json\/wp\/v2\/users\/35"}],"replies":[{"embeddable":true,"href":"https:\/\/nvnoticias.mx\/index.php\/wp-json\/wp\/v2\/comments?post=110903"}],"version-history":[{"count":2,"href":"https:\/\/nvnoticias.mx\/index.php\/wp-json\/wp\/v2\/posts\/110903\/revisions"}],"predecessor-version":[{"id":110906,"href":"https:\/\/nvnoticias.mx\/index.php\/wp-json\/wp\/v2\/posts\/110903\/revisions\/110906"}],"wp:featuredmedia":[{"embeddable":true,"href":"https:\/\/nvnoticias.mx\/index.php\/wp-json\/wp\/v2\/media\/110905"}],"wp:attachment":[{"href":"https:\/\/nvnoticias.mx\/index.php\/wp-json\/wp\/v2\/media?parent=110903"}],"wp:term":[{"taxonomy":"category","embeddable":true,"href":"https:\/\/nvnoticias.mx\/index.php\/wp-json\/wp\/v2\/categories?post=110903"},{"taxonomy":"post_tag","embeddable":true,"href":"https:\/\/nvnoticias.mx\/index.php\/wp-json\/wp\/v2\/tags?post=110903"}],"curies":[{"name":"wp","href":"https:\/\/api.w.org\/{rel}","templated":true}]}}