{"id":110860,"date":"2023-06-19T20:35:54","date_gmt":"2023-06-20T01:35:54","guid":{"rendered":"https:\/\/nvnoticias.mx\/?p=110860"},"modified":"2023-06-19T20:35:54","modified_gmt":"2023-06-20T01:35:54","slug":"demon-slayer-kimetsu-no-yaiba-anuncia-su-cuarta-temporada","status":"publish","type":"post","link":"https:\/\/nvnoticias.mx\/index.php\/2023\/06\/19\/demon-slayer-kimetsu-no-yaiba-anuncia-su-cuarta-temporada\/","title":{"rendered":"&#8216;Demon Slayer: Kimetsu no Yaiba&#8217; anuncia su cuarta temporada"},"content":{"rendered":"\n<p>Tras el lanzamiento del episodio n\u00famero 11, el \u00faltimo de la tercera temporada del popular anime&nbsp;Demon Slayer: Kimetsu no Yaiba, se dio a conocer de manera oficial que el &#8216;Hashira Training Arc&#8217; del manga protagonizado por&nbsp;Tanjiro y Nezuko&nbsp;ser\u00e1 adaptado a la famosa serie de televisi\u00f3n.<\/p>\n\n\n\n<p>Y es que tras terminar el episodio, se emiti\u00f3 el primer avance y una serie de artes visuales de los personajes, sin embargo, todav\u00eda se desconocen mayores detalles sobre la producci\u00f3n.<\/p>\n\n\n\n<figure class=\"wp-block-embed aligncenter is-type-rich is-provider-twitter wp-block-embed-twitter\"><div class=\"wp-block-embed__wrapper\">\n<blockquote class=\"twitter-tweet\" data-width=\"550\" data-dnt=\"true\"><p lang=\"ja\" dir=\"ltr\">\u3010\u30c6\u30ec\u30d3\u30a2\u30cb\u30e1\u300c\u9b3c\u6ec5\u306e\u5203\u300d\u67f1\u7a3d\u53e4\u7de8\u3011<br>\u300c\u9b3c\u6ec5\u306e\u5203\u300d\u67f1\u7a3d\u53e4\u7de8\u306e\u30c6\u30ec\u30d3\u30a2\u30cb\u30e1\u5316\u304c\u6c7a\u5b9a\u3002<br><br>\u30ad\u30e3\u30e9\u30af\u30bf\u30fc\u30c7\u30b6\u30a4\u30f3\u30fb\u7dcf\u4f5c\u753b\u76e3\u7763<br>\u677e\u5cf6 \u6643\u63cf\u304d\u4e0b\u308d\u3057\u30c6\u30a3\u30b6\u30fc\u30d3\u30b8\u30e5\u30a2\u30eb\u3092\u516c\u958b\u3002<br><br>\u25bc\u67f1\u7a3d\u53e4\u7de8 \u30c6\u30ec\u30d3\u30a2\u30cb\u30e1\u5316\u6c7a\u5b9aPV <a href=\"https:\/\/t.co\/ESzR7sfhK7\">https:\/\/t.co\/ESzR7sfhK7<\/a><br><br>\u25bc\u516c\u5f0f\u30b5\u30a4\u30c8<a href=\"https:\/\/t.co\/pYF04nEfp6\">https:\/\/t.co\/pYF04nEfp6<\/a><a href=\"https:\/\/twitter.com\/hashtag\/%E9%AC%BC%E6%BB%85%E3%81%AE%E5%88%83?src=hash&amp;ref_src=twsrc%5Etfw\">#\u9b3c\u6ec5\u306e\u5203<\/a> <a href=\"https:\/\/twitter.com\/hashtag\/%E6%9F%B1%E7%A8%BD%E5%8F%A4%E7%B7%A8?src=hash&amp;ref_src=twsrc%5Etfw\">#\u67f1\u7a3d\u53e4\u7de8<\/a> <a href=\"https:\/\/t.co\/uNUdE1jWUZ\">pic.twitter.com\/uNUdE1jWUZ<\/a><\/p>&mdash; \u9b3c\u6ec5\u306e\u5203\u516c\u5f0f (@kimetsu_off) <a href=\"https:\/\/twitter.com\/kimetsu_off\/status\/1670454069234655233?ref_src=twsrc%5Etfw\">June 18, 2023<\/a><\/blockquote><script async src=\"https:\/\/platform.twitter.com\/widgets.js\" charset=\"utf-8\"><\/script>\n<\/div><\/figure>\n\n\n\n<p><strong>Demon Slayer termina su tercera temporada<\/strong><\/p>\n\n\n\n<p>Al t\u00e9rmino de esta temporada, se dio por concluido con la parte de Swordsmith Village Arc o\u00a0Arco de la Aldea de los Herreros, el cual dio inicio previamente con el lanzamiento de &#8216;Demon Slayer: To the Swordsmith Village&#8217;, un evento cinematogr\u00e1fico que rememor\u00f3 el final de la segunda temporada y material in\u00e9dito de la tercera\u00a0con una remasterizaci\u00f3n en 4K y adaptaci\u00f3n para verse en la pantalla grande.<\/p>\n\n\n\n<p>Posteriormente, este material visual y el resto de la temporada 3 se emiti\u00f3 peri\u00f3dicamente mediante la plataforma especializada de anime Crunchyroll, la cual cuenta con la serie completa hasta el momento; Netflix, por su lado, cuenta con la primera parte del anime como parte de su suscripci\u00f3n, pero no con las posteriores.<\/p>\n\n\n\n<p><strong>Demon Slayer 4: fecha de estreno y d\u00f3nde ver<\/strong><\/p>\n\n\n\n<p>Por el momento, se desconoce si la nueva temporada de Demon Slayer\u00a0seguir\u00e1 transmiti\u00e9ndose mediante Crunchyroll, pues no lo ha confirmado la plataforma. Tambi\u00e9n se desconoce, al momento de su anuncio, cu\u00e1l ser\u00e1 su fecha de estreno.<\/p>\n\n\n\n<p><strong>\u00bfDe qu\u00e9 trata Demon Slayer?<\/strong><\/p>\n\n\n\n<p>De acuerdo con su transmisora oficial, \u00e9sta es la sinopsis de Demon Slayer:\u00a0Kimetsu no Yaiba:<\/p>\n\n\n\n<blockquote class=\"wp-block-quote is-layout-flow wp-block-quote-is-layout-flow\"><p>&#8220;<em>Estamos en la era Taisho de Jap\u00f3n. Tanjiro, un joven que se gana la vida vendiendo carb\u00f3n, descubre un d\u00eda que su familia ha sido asesinada por un demonio. Para empeorar las cosas, su hermana menor Nezuko, la \u00fanica superviviente de la masacre, ha sufrido una transformaci\u00f3n en demonio. Destrozado por los acontecimientos Tanjiro decide convertirse en un cazador de demonios para poder devolver a su hermana a la normalidad y matar al demonio que masacr\u00f3 a su familia<\/em>.<\/p><\/blockquote>\n\n\n\n<p>Fuente: <a href=\"https:\/\/www.milenio.com\/espectaculos\/television\/demon-slayer-kimetsu-yaiba-anuncia-cuarta-temporada\">Milenio<\/a><\/p>\n","protected":false},"excerpt":{"rendered":"<p>Tras el lanzamiento del episodio n\u00famero 11, el \u00faltimo de la tercera temporada del popular anime&nbsp;Demon Slayer: Kimetsu no Yaiba, se dio a conocer de manera oficial que el &#8216;Hashira Training Arc&#8217; del manga protagonizado por&nbsp;Tanjiro y Nezuko&nbsp;ser\u00e1 adaptado a la famosa serie de televisi\u00f3n. Y es que tras terminar el episodio, se emiti\u00f3 el [&hellip;]<\/p>\n","protected":false},"author":8,"featured_media":110861,"comment_status":"open","ping_status":"open","sticky":false,"template":"","format":"standard","meta":{"_monsterinsights_skip_tracking":false,"_monsterinsights_sitenote_active":false,"_monsterinsights_sitenote_note":"","_monsterinsights_sitenote_category":0,"footnotes":""},"categories":[576],"tags":[3847,25823,25824],"class_list":["post-110860","post","type-post","status-publish","format-standard","has-post-thumbnail","hentry","category-ocio","tag-anime","tag-demon-slayer","tag-kimetsu-no-yaiba","wp-image-borders"],"amp_enabled":true,"_links":{"self":[{"href":"https:\/\/nvnoticias.mx\/index.php\/wp-json\/wp\/v2\/posts\/110860","targetHints":{"allow":["GET"]}}],"collection":[{"href":"https:\/\/nvnoticias.mx\/index.php\/wp-json\/wp\/v2\/posts"}],"about":[{"href":"https:\/\/nvnoticias.mx\/index.php\/wp-json\/wp\/v2\/types\/post"}],"author":[{"embeddable":true,"href":"https:\/\/nvnoticias.mx\/index.php\/wp-json\/wp\/v2\/users\/8"}],"replies":[{"embeddable":true,"href":"https:\/\/nvnoticias.mx\/index.php\/wp-json\/wp\/v2\/comments?post=110860"}],"version-history":[{"count":1,"href":"https:\/\/nvnoticias.mx\/index.php\/wp-json\/wp\/v2\/posts\/110860\/revisions"}],"predecessor-version":[{"id":110862,"href":"https:\/\/nvnoticias.mx\/index.php\/wp-json\/wp\/v2\/posts\/110860\/revisions\/110862"}],"wp:featuredmedia":[{"embeddable":true,"href":"https:\/\/nvnoticias.mx\/index.php\/wp-json\/wp\/v2\/media\/110861"}],"wp:attachment":[{"href":"https:\/\/nvnoticias.mx\/index.php\/wp-json\/wp\/v2\/media?parent=110860"}],"wp:term":[{"taxonomy":"category","embeddable":true,"href":"https:\/\/nvnoticias.mx\/index.php\/wp-json\/wp\/v2\/categories?post=110860"},{"taxonomy":"post_tag","embeddable":true,"href":"https:\/\/nvnoticias.mx\/index.php\/wp-json\/wp\/v2\/tags?post=110860"}],"curies":[{"name":"wp","href":"https:\/\/api.w.org\/{rel}","templated":true}]}}