{"id":110852,"date":"2023-06-19T20:02:07","date_gmt":"2023-06-20T01:02:07","guid":{"rendered":"https:\/\/nvnoticias.mx\/?p=110852"},"modified":"2023-06-19T20:02:08","modified_gmt":"2023-06-20T01:02:08","slug":"amistoso-catar-vs-nueva-zelanda-se-suspende-por-caso-de-racismo","status":"publish","type":"post","link":"https:\/\/nvnoticias.mx\/index.php\/2023\/06\/19\/amistoso-catar-vs-nueva-zelanda-se-suspende-por-caso-de-racismo\/","title":{"rendered":"Amistoso Catar vs Nueva Zelanda se suspende por caso de racismo"},"content":{"rendered":"\n<p>El amistoso\u00a0Catar vs Nueva Zelanda\u00a0se suspendi\u00f3 debido a un caso de racismo que se present\u00f3 en el primer tiempo del partido que se disput\u00f3 en el\u00a0Sonnenseestadion\u00a0de Ritzing, Austria.<\/p>\n\n\n\n<p>La selecci\u00f3n de Nueva Zelanda lo iba ganando al descanso con gol de\u00a0Marko Stamenic, pero decidi\u00f3 no salir a disputar el segundo tiempo como forma de protesta luego de que un jugador catar\u00ed insultara racialmente al defensa\u00a0Michael Boxall, quien milita en el Minnesota United de la MLS.<\/p>\n\n\n\n<blockquote class=\"wp-block-quote is-layout-flow wp-block-quote-is-layout-flow\"><p>\u201c<em>Michael Boxall fue insultado racialmente durante la primera mitad del partido por un jugador catar\u00ed. No se tomaron medidas oficiales, por lo que el equipo acord\u00f3 no salir para la segunda mitad del partido<\/em>\u201d, public\u00f3 en un comunicado la selecci\u00f3n neozelandesa en su cuenta de\u00a0<em>Twitter<\/em>.<\/p><\/blockquote>\n\n\n\n<p>Por su parte, la Asociaci\u00f3n de Futbol de Catar se limit\u00f3 a decir en otro comunicado: \u201cNueva Zelanda se ha retirado del amistoso contra nuestra selecci\u00f3n que se jugaba hoy en Austria\u201d.<\/p>\n\n\n\n<p>Este era el \u00faltimo amistoso de\u00a0Catar previo a disputar la Copa Oro 2023\u00a0donde fue invitado por la Concacaf por segunda edici\u00f3n consecutiva.<\/p>\n\n\n\n<p>La selecci\u00f3n catar\u00ed forma parte del\u00a0Grupo B\u00a0donde se enfrentar\u00e1 a\u00a0Hait\u00ed\u00a0el domingo 25 de junio, a\u00a0Honduras\u00a0el jueves 29 de junio y a\u00a0M\u00e9xico\u00a0el domingo 2 de julio.<\/p>\n\n\n\n<p>Fuente. <a href=\"https:\/\/www.tudn.com\/futbol\/amistoso\/amistoso-catar-vs-nueva-zelanda-se-suspende-por-caso-de-racismo\">TUDN<\/a><\/p>\n","protected":false},"excerpt":{"rendered":"<p>El amistoso\u00a0Catar vs Nueva Zelanda\u00a0se suspendi\u00f3 debido a un caso de racismo que se present\u00f3 en el primer tiempo del partido que se disput\u00f3 en el\u00a0Sonnenseestadion\u00a0de Ritzing, Austria. La selecci\u00f3n de Nueva Zelanda lo iba ganando al descanso con gol de\u00a0Marko Stamenic, pero decidi\u00f3 no salir a disputar el segundo tiempo como forma de protesta [&hellip;]<\/p>\n","protected":false},"author":8,"featured_media":110853,"comment_status":"open","ping_status":"open","sticky":false,"template":"","format":"standard","meta":{"_monsterinsights_skip_tracking":false,"_monsterinsights_sitenote_active":false,"_monsterinsights_sitenote_note":"","_monsterinsights_sitenote_category":0,"footnotes":""},"categories":[159],"tags":[3012,1993,1305,2632],"class_list":["post-110852","post","type-post","status-publish","format-standard","has-post-thumbnail","hentry","category-deportes","tag-amistoso","tag-nueva-zelanda","tag-qatar","tag-racismo","wp-image-borders"],"amp_enabled":true,"_links":{"self":[{"href":"https:\/\/nvnoticias.mx\/index.php\/wp-json\/wp\/v2\/posts\/110852","targetHints":{"allow":["GET"]}}],"collection":[{"href":"https:\/\/nvnoticias.mx\/index.php\/wp-json\/wp\/v2\/posts"}],"about":[{"href":"https:\/\/nvnoticias.mx\/index.php\/wp-json\/wp\/v2\/types\/post"}],"author":[{"embeddable":true,"href":"https:\/\/nvnoticias.mx\/index.php\/wp-json\/wp\/v2\/users\/8"}],"replies":[{"embeddable":true,"href":"https:\/\/nvnoticias.mx\/index.php\/wp-json\/wp\/v2\/comments?post=110852"}],"version-history":[{"count":1,"href":"https:\/\/nvnoticias.mx\/index.php\/wp-json\/wp\/v2\/posts\/110852\/revisions"}],"predecessor-version":[{"id":110854,"href":"https:\/\/nvnoticias.mx\/index.php\/wp-json\/wp\/v2\/posts\/110852\/revisions\/110854"}],"wp:featuredmedia":[{"embeddable":true,"href":"https:\/\/nvnoticias.mx\/index.php\/wp-json\/wp\/v2\/media\/110853"}],"wp:attachment":[{"href":"https:\/\/nvnoticias.mx\/index.php\/wp-json\/wp\/v2\/media?parent=110852"}],"wp:term":[{"taxonomy":"category","embeddable":true,"href":"https:\/\/nvnoticias.mx\/index.php\/wp-json\/wp\/v2\/categories?post=110852"},{"taxonomy":"post_tag","embeddable":true,"href":"https:\/\/nvnoticias.mx\/index.php\/wp-json\/wp\/v2\/tags?post=110852"}],"curies":[{"name":"wp","href":"https:\/\/api.w.org\/{rel}","templated":true}]}}