{"id":110818,"date":"2023-06-19T14:29:27","date_gmt":"2023-06-19T19:29:27","guid":{"rendered":"https:\/\/nvnoticias.mx\/?p=110818"},"modified":"2023-06-19T14:29:27","modified_gmt":"2023-06-19T19:29:27","slug":"para-prevenir-golpes-de-calor-los-desfiles-de-carnaval-comenzaran-mas-tarde","status":"publish","type":"post","link":"https:\/\/nvnoticias.mx\/index.php\/2023\/06\/19\/para-prevenir-golpes-de-calor-los-desfiles-de-carnaval-comenzaran-mas-tarde\/","title":{"rendered":"Para prevenir golpes de calor los desfiles de Carnaval comenzar\u00e1n m\u00e1s tarde"},"content":{"rendered":"\n<p><strong>Jes\u00fas Utrilla \/ NV Noticias <\/strong><\/p>\n\n\n\n<p>La alcaldesa de Veracruz, Patricia Lobeira Rodr\u00edguez, anunci\u00f3 que los desfiles del Carnaval se llevar\u00e1n a cabo en horarios m\u00e1s tard\u00edos para proteger a los participantes y espectadores del intenso calor.<\/p>\n\n\n\n<p>Con el objetivo de evitar contratiempos y riesgos, no especific\u00f3 la hora exacta de inicio, pero asegur\u00f3 que se implementar\u00e1n puntos de hidrataci\u00f3n durante los recorridos nocturnos.<\/p>\n\n\n\n<p>Consciente de las altas temperaturas y sus efectos en la salud, la alcaldesa expres\u00f3 su preocupaci\u00f3n por el bienestar de los trabajadores municipales que realizan diversas labores al aire libre, como el mantenimiento de calles, la poda de \u00e1rboles, la limpieza de lagunas y la recolecci\u00f3n de basura.<\/p>\n\n\n\n<p>Para protegerlos, se reducir\u00e1n las horas de exposici\u00f3n al sol y se les proporcionar\u00e1n electrolitos y pausas para recuperarse del agobiante calor.<\/p>\n\n\n\n<p>Por otro lado, Patricia Lobeira Rodr\u00edguez inst\u00f3 a la Comisi\u00f3n Federal de Electricidad a agilizar el mantenimiento de la red el\u00e9ctrica y el reemplazo de transformadores, ya que los apagones contin\u00faan afectando diferentes partes de la ciudad de Veracruz.<\/p>\n\n\n\n<p>Ejemplific\u00f3 la falta de electricidad en la plaza de artesan\u00edas Miguel Alem\u00e1n, ubicada en el malec\u00f3n, durante todo el fin de semana, as\u00ed como un caso similar reportado en la colonia Carranza.<\/p>\n\n\n\n<p>La alcaldesa reconoci\u00f3 que, hasta el momento, no se ha anunciado una segunda fase de brigadas de la Comisi\u00f3n Federal de Electricidad para el cambio de postes y transformadores, pero manifest\u00f3 la importancia de que se realicen estos trabajos de mantenimiento de manera m\u00e1s efectiva para reducir la incidencia de apagones, especialmente en medio de la ola de calor que se est\u00e1 experimentando en la regi\u00f3n.<\/p>\n","protected":false},"excerpt":{"rendered":"<p>Jes\u00fas Utrilla \/ NV Noticias La alcaldesa de Veracruz, Patricia Lobeira Rodr\u00edguez, anunci\u00f3 que los desfiles del Carnaval se llevar\u00e1n a cabo en horarios m\u00e1s tard\u00edos para proteger a los participantes y espectadores del intenso calor. Con el objetivo de evitar contratiempos y riesgos, no especific\u00f3 la hora exacta de inicio, pero asegur\u00f3 que se [&hellip;]<\/p>\n","protected":false},"author":8,"featured_media":110819,"comment_status":"open","ping_status":"open","sticky":false,"template":"","format":"standard","meta":{"_monsterinsights_skip_tracking":false,"_monsterinsights_sitenote_active":false,"_monsterinsights_sitenote_note":"","_monsterinsights_sitenote_category":0,"footnotes":""},"categories":[154],"tags":[1138,25770],"class_list":["post-110818","post","type-post","status-publish","format-standard","has-post-thumbnail","hentry","category-veracruz","tag-carnaval-de-veracruz","tag-golpe-de-calor","wp-image-borders"],"amp_enabled":true,"_links":{"self":[{"href":"https:\/\/nvnoticias.mx\/index.php\/wp-json\/wp\/v2\/posts\/110818","targetHints":{"allow":["GET"]}}],"collection":[{"href":"https:\/\/nvnoticias.mx\/index.php\/wp-json\/wp\/v2\/posts"}],"about":[{"href":"https:\/\/nvnoticias.mx\/index.php\/wp-json\/wp\/v2\/types\/post"}],"author":[{"embeddable":true,"href":"https:\/\/nvnoticias.mx\/index.php\/wp-json\/wp\/v2\/users\/8"}],"replies":[{"embeddable":true,"href":"https:\/\/nvnoticias.mx\/index.php\/wp-json\/wp\/v2\/comments?post=110818"}],"version-history":[{"count":1,"href":"https:\/\/nvnoticias.mx\/index.php\/wp-json\/wp\/v2\/posts\/110818\/revisions"}],"predecessor-version":[{"id":110820,"href":"https:\/\/nvnoticias.mx\/index.php\/wp-json\/wp\/v2\/posts\/110818\/revisions\/110820"}],"wp:featuredmedia":[{"embeddable":true,"href":"https:\/\/nvnoticias.mx\/index.php\/wp-json\/wp\/v2\/media\/110819"}],"wp:attachment":[{"href":"https:\/\/nvnoticias.mx\/index.php\/wp-json\/wp\/v2\/media?parent=110818"}],"wp:term":[{"taxonomy":"category","embeddable":true,"href":"https:\/\/nvnoticias.mx\/index.php\/wp-json\/wp\/v2\/categories?post=110818"},{"taxonomy":"post_tag","embeddable":true,"href":"https:\/\/nvnoticias.mx\/index.php\/wp-json\/wp\/v2\/tags?post=110818"}],"curies":[{"name":"wp","href":"https:\/\/api.w.org\/{rel}","templated":true}]}}