{"id":110813,"date":"2023-06-19T14:20:07","date_gmt":"2023-06-19T19:20:07","guid":{"rendered":"https:\/\/nvnoticias.mx\/?p=110813"},"modified":"2023-06-19T14:20:08","modified_gmt":"2023-06-19T19:20:08","slug":"pese-a-revision-las-condiciones-del-servicio-de-agua-en-veracruz-seguiran-igual","status":"publish","type":"post","link":"https:\/\/nvnoticias.mx\/index.php\/2023\/06\/19\/pese-a-revision-las-condiciones-del-servicio-de-agua-en-veracruz-seguiran-igual\/","title":{"rendered":"Pese a revisi\u00f3n, las condiciones del servicio de agua en Veracruz seguir\u00e1n igual"},"content":{"rendered":"\n<p><strong>Jes\u00fas Utrilla \/ NV Noticias <\/strong><\/p>\n\n\n\n<p>La diputada local de Morena, Margarita Corro Mendoza, admiti\u00f3 que a pesar de la conclusi\u00f3n de la auditor\u00eda al Grupo Metropolitano del Agua, las condiciones actuales no cambiar\u00e1n debido a la forma en que se estableci\u00f3 el contrato.<\/p>\n\n\n\n<p>Corro Mendoza resalt\u00f3 que la privatizaci\u00f3n del agua ha generado condiciones desfavorables para los ciudadanos, incluyendo altas tarifas, mala calidad del agua y una indemnizaci\u00f3n excesiva.<\/p>\n\n\n\n<p>La diputada explic\u00f3 que su intervenci\u00f3n se limita al \u00f3rgano regulador y no puede influir en la empresa en s\u00ed, ya que el contrato est\u00e1 manipulado y no permite intervenciones externas. <\/p>\n\n\n\n<p>Este contrato fue creado durante el gobierno de Duarte y hay pocas opciones para tomar medidas significativas al respecto.<\/p>\n\n\n\n<p>La auditor\u00eda revel\u00f3 que la empresa no presenta estados financieros, pero la privatizaci\u00f3n impide cualquier intervenci\u00f3n o cancelaci\u00f3n del contrato. <\/p>\n\n\n\n<p>Corro Mendoza inst\u00f3 a los gobiernos municipal, estatal y federal a tomar medidas contra la concesi\u00f3n, ya que se requiere una indemnizaci\u00f3n para cancelar el contrato.<\/p>\n\n\n\n<p>La diputada expres\u00f3 su preocupaci\u00f3n por la calidad del agua suministrada por la empresa, se\u00f1alando incluso la presencia de part\u00edculas fecales. <\/p>\n\n\n\n<p>Adem\u00e1s, cuestion\u00f3 los altos cobros realizados por la empresa sin ofrecer un servicio de calidad a los ciudadanos.<\/p>\n\n\n\n<p>Es importante recordar que la auditor\u00eda se centr\u00f3 en cuatro aspectos principales: el an\u00e1lisis del Sistema de Agua y Saneamiento anterior, la transici\u00f3n al Grupo MAS, la creaci\u00f3n del IMA y las ventajas y desventajas del organismo. <\/p>\n\n\n\n<p>Tambi\u00e9n se abord\u00f3 la situaci\u00f3n de los ex trabajadores del Sistema de Agua y Saneamiento, aunque la revisi\u00f3n qued\u00f3 incompleta debido a la ocupaci\u00f3n del edificio en la avenida Col\u00f3n.<\/p>\n","protected":false},"excerpt":{"rendered":"<p>Jes\u00fas Utrilla \/ NV Noticias La diputada local de Morena, Margarita Corro Mendoza, admiti\u00f3 que a pesar de la conclusi\u00f3n de la auditor\u00eda al Grupo Metropolitano del Agua, las condiciones actuales no cambiar\u00e1n debido a la forma en que se estableci\u00f3 el contrato. Corro Mendoza resalt\u00f3 que la privatizaci\u00f3n del agua ha generado condiciones desfavorables [&hellip;]<\/p>\n","protected":false},"author":8,"featured_media":110814,"comment_status":"open","ping_status":"open","sticky":false,"template":"","format":"standard","meta":{"_monsterinsights_skip_tracking":false,"_monsterinsights_sitenote_active":false,"_monsterinsights_sitenote_note":"","_monsterinsights_sitenote_category":0,"footnotes":""},"categories":[154],"tags":[594,1290,252],"class_list":["post-110813","post","type-post","status-publish","format-standard","has-post-thumbnail","hentry","category-veracruz","tag-agua","tag-margarita-corro","tag-morena","wp-image-borders"],"amp_enabled":true,"_links":{"self":[{"href":"https:\/\/nvnoticias.mx\/index.php\/wp-json\/wp\/v2\/posts\/110813","targetHints":{"allow":["GET"]}}],"collection":[{"href":"https:\/\/nvnoticias.mx\/index.php\/wp-json\/wp\/v2\/posts"}],"about":[{"href":"https:\/\/nvnoticias.mx\/index.php\/wp-json\/wp\/v2\/types\/post"}],"author":[{"embeddable":true,"href":"https:\/\/nvnoticias.mx\/index.php\/wp-json\/wp\/v2\/users\/8"}],"replies":[{"embeddable":true,"href":"https:\/\/nvnoticias.mx\/index.php\/wp-json\/wp\/v2\/comments?post=110813"}],"version-history":[{"count":1,"href":"https:\/\/nvnoticias.mx\/index.php\/wp-json\/wp\/v2\/posts\/110813\/revisions"}],"predecessor-version":[{"id":110815,"href":"https:\/\/nvnoticias.mx\/index.php\/wp-json\/wp\/v2\/posts\/110813\/revisions\/110815"}],"wp:featuredmedia":[{"embeddable":true,"href":"https:\/\/nvnoticias.mx\/index.php\/wp-json\/wp\/v2\/media\/110814"}],"wp:attachment":[{"href":"https:\/\/nvnoticias.mx\/index.php\/wp-json\/wp\/v2\/media?parent=110813"}],"wp:term":[{"taxonomy":"category","embeddable":true,"href":"https:\/\/nvnoticias.mx\/index.php\/wp-json\/wp\/v2\/categories?post=110813"},{"taxonomy":"post_tag","embeddable":true,"href":"https:\/\/nvnoticias.mx\/index.php\/wp-json\/wp\/v2\/tags?post=110813"}],"curies":[{"name":"wp","href":"https:\/\/api.w.org\/{rel}","templated":true}]}}