{"id":110807,"date":"2023-06-19T13:45:36","date_gmt":"2023-06-19T18:45:36","guid":{"rendered":"https:\/\/nvnoticias.mx\/?p=110807"},"modified":"2023-06-19T13:45:37","modified_gmt":"2023-06-19T18:45:37","slug":"se-manifiestan-porque-la-escuela-alfonso-arroyo-no-tuvo-clases","status":"publish","type":"post","link":"https:\/\/nvnoticias.mx\/index.php\/2023\/06\/19\/se-manifiestan-porque-la-escuela-alfonso-arroyo-no-tuvo-clases\/","title":{"rendered":"Se manifiestan porque la escuela Alfonso Arroyo no tuvo clases"},"content":{"rendered":"\n<p><strong>Jes\u00fas Utrilla \/ NV Noticias <\/strong><\/p>\n\n\n\n<p>Madres de familia de alumnos que estudia en la escuela Alfonso Arroyo Flores, ubicada en la calle 16 entre Vel\u00e1zquez de la Cadena y Carlos Cruz, se manifestaron  porque supuestamente la directora no abri\u00f3 el plantel y no hubo clases.<\/p>\n\n\n\n<p>Agustina Morales, presidenta de la Asociaci\u00f3n de Padres de Familia, se\u00f1al\u00f3 que la directora solicit\u00f3 permiso y no lleg\u00f3 a abrir por lo tanto no hubo clases.<\/p>\n\n\n\n<blockquote class=\"wp-block-quote is-layout-flow wp-block-quote-is-layout-flow\"><p>\u201cLa directora no se present\u00f3 a abrirles a los ni\u00f1os para su clase, est\u00e1 cerrado con candado. Le hablamos y dijo que pidi\u00f3 permiso y nos dijo que hici\u00e9ramos lo que quisi\u00e9ramos\u201d. <\/p><\/blockquote>\n\n\n\n<p>Acusaron que la directora supuestamente es autoritaria y no inform\u00f3 si el martes ya habr\u00e1 clases.<\/p>\n\n\n\n<blockquote class=\"wp-block-quote is-layout-flow wp-block-quote-is-layout-flow\"><p>\u201cNo sabemos si habr\u00e1 clases ma\u00f1ana. Queremos que la SEV nos d\u00e9 algo porque ha insultado a los ni\u00f1os solo porque no hacen caso. Incluso en el cuaderno puso que el ni\u00f1o ya ni llegara a clases y lo sac\u00f3, un ni\u00f1o de segundo\u201d. <\/p><\/blockquote>\n\n\n\n<p>Dijeron que la matr\u00edcula era arriba de 300 alumnos y actualmente es de 50, porque los padres de familia no aguantan los malos tratos que supuestamente brinda la directora por lo que pidieron que la cambien<\/p>\n","protected":false},"excerpt":{"rendered":"<p>Jes\u00fas Utrilla \/ NV Noticias Madres de familia de alumnos que estudia en la escuela Alfonso Arroyo Flores, ubicada en la calle 16 entre Vel\u00e1zquez de la Cadena y Carlos Cruz, se manifestaron porque supuestamente la directora no abri\u00f3 el plantel y no hubo clases. Agustina Morales, presidenta de la Asociaci\u00f3n de Padres de Familia, [&hellip;]<\/p>\n","protected":false},"author":8,"featured_media":110808,"comment_status":"open","ping_status":"open","sticky":false,"template":"","format":"standard","meta":{"_monsterinsights_skip_tracking":false,"_monsterinsights_sitenote_active":false,"_monsterinsights_sitenote_note":"","_monsterinsights_sitenote_category":0,"footnotes":""},"categories":[154],"tags":[3579,503],"class_list":["post-110807","post","type-post","status-publish","format-standard","has-post-thumbnail","hentry","category-veracruz","tag-escuela","tag-manifestacion","wp-image-borders"],"amp_enabled":true,"_links":{"self":[{"href":"https:\/\/nvnoticias.mx\/index.php\/wp-json\/wp\/v2\/posts\/110807","targetHints":{"allow":["GET"]}}],"collection":[{"href":"https:\/\/nvnoticias.mx\/index.php\/wp-json\/wp\/v2\/posts"}],"about":[{"href":"https:\/\/nvnoticias.mx\/index.php\/wp-json\/wp\/v2\/types\/post"}],"author":[{"embeddable":true,"href":"https:\/\/nvnoticias.mx\/index.php\/wp-json\/wp\/v2\/users\/8"}],"replies":[{"embeddable":true,"href":"https:\/\/nvnoticias.mx\/index.php\/wp-json\/wp\/v2\/comments?post=110807"}],"version-history":[{"count":1,"href":"https:\/\/nvnoticias.mx\/index.php\/wp-json\/wp\/v2\/posts\/110807\/revisions"}],"predecessor-version":[{"id":110809,"href":"https:\/\/nvnoticias.mx\/index.php\/wp-json\/wp\/v2\/posts\/110807\/revisions\/110809"}],"wp:featuredmedia":[{"embeddable":true,"href":"https:\/\/nvnoticias.mx\/index.php\/wp-json\/wp\/v2\/media\/110808"}],"wp:attachment":[{"href":"https:\/\/nvnoticias.mx\/index.php\/wp-json\/wp\/v2\/media?parent=110807"}],"wp:term":[{"taxonomy":"category","embeddable":true,"href":"https:\/\/nvnoticias.mx\/index.php\/wp-json\/wp\/v2\/categories?post=110807"},{"taxonomy":"post_tag","embeddable":true,"href":"https:\/\/nvnoticias.mx\/index.php\/wp-json\/wp\/v2\/tags?post=110807"}],"curies":[{"name":"wp","href":"https:\/\/api.w.org\/{rel}","templated":true}]}}