{"id":110763,"date":"2023-06-19T11:19:17","date_gmt":"2023-06-19T16:19:17","guid":{"rendered":"https:\/\/nvnoticias.mx\/?p=110763"},"modified":"2023-06-19T11:19:19","modified_gmt":"2023-06-19T16:19:19","slug":"la-paternidad","status":"publish","type":"post","link":"https:\/\/nvnoticias.mx\/index.php\/2023\/06\/19\/la-paternidad\/","title":{"rendered":"La paternidad"},"content":{"rendered":"\n<p><strong>Gladys de L. P\u00e9rez Maldonado<\/strong><\/p>\n\n\n\n<p>La <em>paternidad<\/em> es un concepto que procede del lat\u00edn <em>paternitas <\/em>y que refiere a la condici\u00f3n de ser padre. Es la relaci\u00f3n jur\u00eddica entre el padre y su hija o hijo, como procreador biol\u00f3gico, como adoptante o como tutor legal, que genera una serie de derechos y deberes rec\u00edprocos.<\/p>\n\n\n\n<p>De acuerdo con el Censo de Poblaci\u00f3n y Vivienda 2020 llevado a cabo por el Instituto Nacional de Estad\u00edstica y Geograf\u00eda (INEGI), en M\u00e9xico hay 44.9 millones de hombres de 15 a\u00f1os y m\u00e1s. De ellos, 21.2 millones (47%) se identificaron como padres de al menos una hija o un hijo que reside en la misma vivienda.<\/p>\n\n\n\n<p>La edad promedio de los padres fue de 45 a\u00f1os. El 25% de la poblaci\u00f3n que report\u00f3 ser pap\u00e1, ten\u00eda entre 30 y 39 a\u00f1os y el 26% indic\u00f3 tener entre 40 y 49 a\u00f1os de edad, 35% report\u00f3 contar con m\u00e1s de 50 a\u00f1os, 13% est\u00e1 en el grupo de 20 a 29 a\u00f1os y 1% de los padres identificados tiene entre 15 y 19 a\u00f1os.<\/p>\n\n\n\n<p>De los padres de familia, 56% contaba solo con estudios de educaci\u00f3n b\u00e1sica, 21% con nivel medio superior, 19% con estudios de nivel superior y el 4% indic\u00f3 no tener escolaridad alguna.<\/p>\n\n\n\n<p>Del total de padres, 18.4 millones pertenec\u00edan a la Poblaci\u00f3n Econ\u00f3micamente Activa (PEA). De ellos, 97% estaba ocupado en alguna actividad econ\u00f3mica, el resto (3%) se report\u00f3 como desocupado.<\/p>\n\n\n\n<p>De acuerdo con el Censo de 2020 del INEGI, 23.5 % de los padres de familia identificados en la vivienda se encuentran casados o en uni\u00f3n libre, 5.9% declararon haber estado alguna vez unidos, pero en la actualidad est\u00e1n separados, divorciados o viudos; mientras que s\u00f3lo 0.5% son padres solteros.<\/p>\n\n\n\n<p>El 47% de los hogares en M\u00e9xico carecen de figura paterna, el padre est\u00e1 ausente en cuatro de cada 10 hogares. En total, en 11.4 millones de hogares falta el padre.<\/p>\n\n\n\n<p>No obstante estos datos, cuando se realiza la encuesta del INEGI, a diferencia de las mujeres, a los hombres no se les pregunta si tienen hijos vivos o si tienen relaci\u00f3n con ellos.<\/p>\n\n\n\n<p>De manera que no se cuenta con datos relativos a si los que se dijeron ser padres -biol\u00f3gicos o adoptantes- est\u00e1n pendientes del cuidado, manutenci\u00f3n, educaci\u00f3n y todo lo que conlleva a una paternidad responsable en conjunto con la correspondiente a la madre, o si en realidad los que dijeron no tener hijos, es porque los tienen en total abandono.<\/p>\n\n\n\n<p>La realidad es que hay padres que abandonan a sus hijas e hijos, que dejan su responsabilidad y eligen marcharse del v\u00ednculo familiar, lo que crea aut\u00e9nticos traumas en los peque\u00f1os, las heridas de estas vivencias son profundas y, a menudo, permanentes.<\/p>\n\n\n\n<p>La psic\u00f3loga Valeria Sabater, sostiene que el abandono de un hijo no es una decisi\u00f3n moment\u00e1nea, no es algo por lo que se opte de un instante a otro. Por lo general, suele haber un largo proceso de meditaci\u00f3n y reflexi\u00f3n en el que, por las razones que sean, se opta por la m\u00e1s dram\u00e1tica.<\/p>\n\n\n\n<p>Sabater indica que los desencadenantes m\u00e1s habituales son la pobreza, los bajos recursos y la exclusi\u00f3n social, el abuso de drogas, el alcoholismo, los embarazos no deseados, pues hay parejas que acaban teniendo un hijo sin haberlo planeado y tarde o temprano el hombre opta por dejar el hogar de manera definitiva. As\u00ed tambi\u00e9n, hay padres inmaduros carentes de instinto de cuidado, que no asumen la responsabilidad paterna y tambi\u00e9n huyen.<\/p>\n\n\n\n<p>No se puede dejar de mencionar como un detonante del abandono de las hijas y de los hijos, las desavenencias de pareja, las separaciones conyugales, los divorcios complicados, la dificultad para llegar a acuerdos en la manutenci\u00f3n o custodia de los menores, que desemboca por un lado, en hacer sentir culpable a las y a los hijos de ese abandono definitivo o cuando el padre reinicia su vida con una nueva pareja estableciendo otra familia y opta por dejar de formar parte de la vida de los hijos procreados o asumidos como tales con anterioridad.<\/p>\n\n\n\n<p>Qu\u00e9 decir de los padres que a trav\u00e9s de las y los hijos ejercen <em>violencia vicaria<\/em> a la madre, sustray\u00e9ndolos de su lado, aline\u00e1ndolos en contra de ella, sin motivo verdadero, \u00fanicamente el desprecio y odio en contra de la ex pareja, que adem\u00e1s en muchas ocasiones ni siquiera les proporcionan las debidas atenciones de cuidado y s\u00f3lo lo hacen para lastimar a la mujer, da\u00f1ando psicol\u00f3gicamente de manera irreversible a los menores y en algunos casos hasta quitarles la vida.<\/p>\n\n\n\n<p>Asimismo, un da\u00f1o paralelo al abandono de las y los hijos es cuando los padres se desentienden de la obligaci\u00f3n alimentaria, \u00fanicamente dos de cada diez pensiones alimenticias se cumplen, lo cual violenta de manera extrema el pleno desarrollo de este grupo de atenci\u00f3n prioritaria, no queremos decir que solo los hombres sean omisos, pero la estad\u00edstica demuestra que el 99.6% de los casos de incumplimiento deviene de los varones.<\/p>\n\n\n\n<p>Al respecto, el 8 de mayo anterior, se public\u00f3 en el Diario Oficial de la Federaci\u00f3n (DOF), las reformas a la <em>Ley General de Derechos de Ni\u00f1as, Ni\u00f1os y Adolescentes<\/em>, en materia de pensiones alimenticias a trav\u00e9s de las cuales se crea el Registro Nacional de Obligaciones Alimentarias.<\/p>\n\n\n\n<p>El objetivo de este Registro Nacional es concentrar la informaci\u00f3n de deudores y acreedores de obligaciones alimentarias, a fin de hacer efectiva la protecci\u00f3n y restituci\u00f3n&nbsp; de los derechos humanos de la infancia y la adolescencia.<\/p>\n\n\n\n<p>Con ello, los deudores alimentarios morosos no podr\u00e1n -entre otras cosas- obtener determinados documentos oficiales como licencias de conducir, pasaportes, tampoco participar como aspirantes a cargos concejiles y de elecci\u00f3n popular, ser jueces o magistrados en el \u00e1mbito local o federal.<\/p>\n\n\n\n<p>Este avance legislativo, se ha visto reforzado, a partir de la reforma constitucional -denominada \u201cLey 3 de 3\u201d- publicada en el Diario Oficial de la Federaci\u00f3n el pasado 29 de mayo, en la que se adicion\u00f3 la <em>fracci\u00f3n VII al art\u00edculo 38 de la suspensi\u00f3n de los derechos y prerrogativas de los ciudadanos,<\/em> ahora, la persona declarada deudora alimentaria morosa, no podr\u00e1 ser registrada como candidata para cualquier cargo de elecci\u00f3n popular, ni nombrada para empleo, cargo o comisi\u00f3n en el servicio p\u00fablico.<\/p>\n\n\n\n<p>El Congreso de la Uni\u00f3n, la Legislatura local veracruzana y las dem\u00e1s de las Entidades Federativas de nuestro pa\u00eds, en un lapso no mayor a seis meses a partir de la entrada en vigor de esta reforma deber\u00e1n ajustar sus Constituciones y dem\u00e1s legislaci\u00f3n que sea necesaria, a fin de dar cumplimiento a la disposici\u00f3n Constitucional.<\/p>\n\n\n\n<p>La responsabilidad parental no es una opci\u00f3n, los derechos humanos de las ni\u00f1as, los ni\u00f1os y los adolescentes a una vida digna es una prioridad constitucional\u2026<\/p>\n","protected":false},"excerpt":{"rendered":"<p>Gladys de L. P\u00e9rez Maldonado La paternidad es un concepto que procede del lat\u00edn paternitas y que refiere a la condici\u00f3n de ser padre. Es la relaci\u00f3n jur\u00eddica entre el padre y su hija o hijo, como procreador biol\u00f3gico, como adoptante o como tutor legal, que genera una serie de derechos y deberes rec\u00edprocos. De [&hellip;]<\/p>\n","protected":false},"author":45,"featured_media":27829,"comment_status":"open","ping_status":"open","sticky":false,"template":"","format":"standard","meta":{"_monsterinsights_skip_tracking":false,"_monsterinsights_sitenote_active":false,"_monsterinsights_sitenote_note":"","_monsterinsights_sitenote_category":0,"footnotes":""},"categories":[15405],"tags":[],"class_list":["post-110763","post","type-post","status-publish","format-standard","has-post-thumbnail","hentry","category-alguien-como-tu","wp-image-borders"],"amp_enabled":true,"_links":{"self":[{"href":"https:\/\/nvnoticias.mx\/index.php\/wp-json\/wp\/v2\/posts\/110763","targetHints":{"allow":["GET"]}}],"collection":[{"href":"https:\/\/nvnoticias.mx\/index.php\/wp-json\/wp\/v2\/posts"}],"about":[{"href":"https:\/\/nvnoticias.mx\/index.php\/wp-json\/wp\/v2\/types\/post"}],"author":[{"embeddable":true,"href":"https:\/\/nvnoticias.mx\/index.php\/wp-json\/wp\/v2\/users\/45"}],"replies":[{"embeddable":true,"href":"https:\/\/nvnoticias.mx\/index.php\/wp-json\/wp\/v2\/comments?post=110763"}],"version-history":[{"count":1,"href":"https:\/\/nvnoticias.mx\/index.php\/wp-json\/wp\/v2\/posts\/110763\/revisions"}],"predecessor-version":[{"id":110764,"href":"https:\/\/nvnoticias.mx\/index.php\/wp-json\/wp\/v2\/posts\/110763\/revisions\/110764"}],"wp:featuredmedia":[{"embeddable":true,"href":"https:\/\/nvnoticias.mx\/index.php\/wp-json\/wp\/v2\/media\/27829"}],"wp:attachment":[{"href":"https:\/\/nvnoticias.mx\/index.php\/wp-json\/wp\/v2\/media?parent=110763"}],"wp:term":[{"taxonomy":"category","embeddable":true,"href":"https:\/\/nvnoticias.mx\/index.php\/wp-json\/wp\/v2\/categories?post=110763"},{"taxonomy":"post_tag","embeddable":true,"href":"https:\/\/nvnoticias.mx\/index.php\/wp-json\/wp\/v2\/tags?post=110763"}],"curies":[{"name":"wp","href":"https:\/\/api.w.org\/{rel}","templated":true}]}}